{"id":8234,"date":"2026-01-28T13:46:30","date_gmt":"2026-01-28T12:46:30","guid":{"rendered":"https:\/\/vergersdelozere.net\/?p=8234"},"modified":"2026-02-27T11:35:22","modified_gmt":"2026-02-27T10:35:22","slug":"retour-sur-elus-du-pnc-invites-au-cnp","status":"publish","type":"post","link":"https:\/\/vergersdelozere.net\/index.php\/2026\/01\/28\/retour-sur-elus-du-pnc-invites-au-cnp\/","title":{"rendered":"Retour sur : Elus du pnC invit\u00e9s au CNP"},"content":{"rendered":"\t\t<div data-elementor-type=\"wp-post\" data-elementor-id=\"8234\" class=\"elementor elementor-8234\" data-elementor-post-type=\"post\">\n\t\t\t\t\t\t<section class=\"elementor-section elementor-top-section elementor-element elementor-element-30f4622 elementor-section-boxed elementor-section-height-default elementor-section-height-default\" data-id=\"30f4622\" data-element_type=\"section\">\n\t\t\t\t\t\t<div class=\"elementor-container elementor-column-gap-default\">\n\t\t\t\t\t<div class=\"elementor-column elementor-col-100 elementor-top-column elementor-element elementor-element-bfa7376\" data-id=\"bfa7376\" data-element_type=\"column\">\n\t\t\t<div class=\"elementor-widget-wrap elementor-element-populated\">\n\t\t\t\t\t\t<div class=\"elementor-element elementor-element-0fb6ce2 elementor-widget elementor-widget-text-editor\" data-id=\"0fb6ce2\" data-element_type=\"widget\" data-widget_type=\"text-editor.default\">\n\t\t\t\t<div class=\"elementor-widget-container\">\n\t\t\t\t\t\t\t\t\t<p>Planter et transmettre : les vergers au c\u0153ur de la biodiversit\u00e9 et de l\u2019adaptation en C\u00e9vennes.<\/p>\t\t\t\t\t\t\t\t<\/div>\n\t\t\t\t<\/div>\n\t\t\t\t<div class=\"elementor-element elementor-element-3695dab elementor-widget elementor-widget-text-editor\" data-id=\"3695dab\" data-element_type=\"widget\" data-widget_type=\"text-editor.default\">\n\t\t\t\t<div class=\"elementor-widget-container\">\n\t\t\t\t\t\t\t\t\t<div><em>Rencontre autour du Centre national de Pomologie d\u2019Al\u00e8s, outil unique de conservation et de valorisation des vari\u00e9t\u00e9s fruiti\u00e8res<\/em><\/div>\t\t\t\t\t\t\t\t<\/div>\n\t\t\t\t<\/div>\n\t\t\t\t<div class=\"elementor-element elementor-element-d154de5 elementor-widget elementor-widget-spacer\" data-id=\"d154de5\" data-element_type=\"widget\" data-widget_type=\"spacer.default\">\n\t\t\t\t<div class=\"elementor-widget-container\">\n\t\t\t\t\t\t\t<div class=\"elementor-spacer\">\n\t\t\t<div class=\"elementor-spacer-inner\"><\/div>\n\t\t<\/div>\n\t\t\t\t\t\t<\/div>\n\t\t\t\t<\/div>\n\t\t\t\t<div class=\"elementor-element elementor-element-9103690 elementor-widget elementor-widget-text-editor\" data-id=\"9103690\" data-element_type=\"widget\" data-widget_type=\"text-editor.default\">\n\t\t\t\t<div class=\"elementor-widget-container\">\n\t\t\t\t\t\t\t\t\t<p style=\"font-weight: 400;\"><strong>Co-organisation<\/strong>\u00a0: Parc national des C\u00e9vennes et Ville d\u2019Al\u00e8s (service DVP Durable pomologie et espaces verts)<\/p><p style=\"font-weight: 400;\"><strong>Participants\u00a0:<\/strong> \u00c9lus r\u00e9f\u00e9rents des communes du Parc national des C\u00e9vennes + \u00c9lus et agents d\u2019Al\u00e8s et Al\u00e8s Agglom\u00e9ration<\/p><p style=\"font-weight: 400;\"><strong>Date\u00a0:<\/strong> jeudi 4 d\u00e9cembre<\/p><p style=\"font-weight: 400;\"><strong>Lieu\u00a0:<\/strong> Espace Cazot- 14 rue Jules Cazot &#8211; Al\u00e8s<\/p>\t\t\t\t\t\t\t\t<\/div>\n\t\t\t\t<\/div>\n\t\t\t\t\t<\/div>\n\t\t<\/div>\n\t\t\t\t\t<\/div>\n\t\t<\/section>\n\t\t\t\t<section class=\"elementor-section elementor-top-section elementor-element elementor-element-1613249 elementor-section-boxed elementor-section-height-default elementor-section-height-default\" data-id=\"1613249\" data-element_type=\"section\">\n\t\t\t\t\t\t<div class=\"elementor-container elementor-column-gap-default\">\n\t\t\t\t\t<div class=\"elementor-column elementor-col-100 elementor-top-column elementor-element elementor-element-1114f32\" data-id=\"1114f32\" data-element_type=\"column\">\n\t\t\t<div class=\"elementor-widget-wrap elementor-element-populated\">\n\t\t\t\t\t\t<div class=\"elementor-element elementor-element-b66af04 elementor-widget__width-initial elementor-widget elementor-widget-text-editor\" data-id=\"b66af04\" data-element_type=\"widget\" data-widget_type=\"text-editor.default\">\n\t\t\t\t<div class=\"elementor-widget-container\">\n\t\t\t\t\t\t\t\t\t<p>Le Jeudi 4 d\u00e9cembre 2024, le centre national de pomologie d&rsquo;Al\u00e8s recevait les \u00e9lus du parc national des C\u00e9vennes, \u00e0 l&rsquo;initiative de ce dernier..&nbsp;<\/p>\n<p>Vergers de Loz\u00e8re qui travaille en compl\u00e9mentarit\u00e9 avec les deux entit\u00e9s avait \u00e9t\u00e9 invit\u00e9 \u00e0 tenir un stand d&rsquo;information et \u00e0 prendre part aux allocutions pour pr\u00e9senter aux \u00e9lus les d\u00e9marches de sauvegarde en cours, et le fonctionnement du projet conventionn\u00e9 sur plusieurs sites : Verger du Pr\u00e9 aux Clercs de Qu\u00e9zac, &nbsp;Verger municipal de Brenoux, Verger de Castanet (Pourcharesses), et bien s\u00fbr, Ventajols.<\/p>\n<p>Quelques \u00e9diles se sont montr\u00e9s tr\u00e8s int\u00e9ress\u00e9s par la d\u00e9marche et ont formul\u00e9 le souhait d&rsquo;int\u00e9grer bient\u00f4t cet \u00e9lan lors d&rsquo;une prochain convention.&nbsp;<\/p>\n<p>La plantation d&rsquo;arbres fruitiers est dans l&rsquo;air en ce moment&#8230; Une bonne occasion de favoriser le choix de d&rsquo;esp\u00e8ces fruiti\u00e8res de vari\u00e9t\u00e9s locales et ancestrales.<\/p>\t\t\t\t\t\t\t\t<\/div>\n\t\t\t\t<\/div>\n\t\t\t\t\t<\/div>\n\t\t<\/div>\n\t\t\t\t\t<\/div>\n\t\t<\/section>\n\t\t\t\t<section class=\"elementor-section elementor-top-section elementor-element elementor-element-8ae99c1 elementor-section-boxed elementor-section-height-default elementor-section-height-default\" data-id=\"8ae99c1\" data-element_type=\"section\">\n\t\t\t\t\t\t<div class=\"elementor-container elementor-column-gap-default\">\n\t\t\t\t\t<div class=\"elementor-column elementor-col-100 elementor-top-column elementor-element elementor-element-2ca8eee\" data-id=\"2ca8eee\" data-element_type=\"column\">\n\t\t\t<div class=\"elementor-widget-wrap elementor-element-populated\">\n\t\t\t\t\t\t<div class=\"elementor-element elementor-element-12e458c elementor-widget elementor-widget-text-editor\" data-id=\"12e458c\" data-element_type=\"widget\" data-widget_type=\"text-editor.default\">\n\t\t\t\t<div class=\"elementor-widget-container\">\n\t\t\t\t\t\t\t\t\t<p style=\"text-align: right;\">Patrick Maurin<\/p>\t\t\t\t\t\t\t\t<\/div>\n\t\t\t\t<\/div>\n\t\t\t\t\t<\/div>\n\t\t<\/div>\n\t\t\t\t\t<\/div>\n\t\t<\/section>\n\t\t\t\t<\/div>\n\t\t","protected":false},"excerpt":{"rendered":"<p>Planter et transmettre : les vergers au c\u0153ur de la biodiversit\u00e9 et de l\u2019adaptation en C\u00e9vennes. Rencontre autour du Centre national de Pomologie d\u2019Al\u00e8s, outil unique de conservation et de valorisation des vari\u00e9t\u00e9s fruiti\u00e8res Co-organisation\u00a0: Parc national des C\u00e9vennes et Ville d\u2019Al\u00e8s (service DVP Durable pomologie et espaces verts) Participants\u00a0: \u00c9lus r\u00e9f\u00e9rents des communes du [&hellip;]<\/p>\n","protected":false},"author":1,"featured_media":8235,"comment_status":"open","ping_status":"open","sticky":false,"template":"","format":"standard","meta":{"_acf_changed":false,"ocean_post_layout":"","ocean_both_sidebars_style":"","ocean_both_sidebars_content_width":0,"ocean_both_sidebars_sidebars_width":0,"ocean_sidebar":"","ocean_second_sidebar":"","ocean_disable_margins":"enable","ocean_add_body_class":"","ocean_shortcode_before_top_bar":"","ocean_shortcode_after_top_bar":"","ocean_shortcode_before_header":"","ocean_shortcode_after_header":"","ocean_has_shortcode":"","ocean_shortcode_after_title":"","ocean_shortcode_before_footer_widgets":"","ocean_shortcode_after_footer_widgets":"","ocean_shortcode_before_footer_bottom":"","ocean_shortcode_after_footer_bottom":"","ocean_display_top_bar":"default","ocean_display_header":"default","ocean_header_style":"","ocean_center_header_left_menu":"","ocean_custom_header_template":"","ocean_custom_logo":0,"ocean_custom_retina_logo":0,"ocean_custom_logo_max_width":0,"ocean_custom_logo_tablet_max_width":0,"ocean_custom_logo_mobile_max_width":0,"ocean_custom_logo_max_height":0,"ocean_custom_logo_tablet_max_height":0,"ocean_custom_logo_mobile_max_height":0,"ocean_header_custom_menu":"","ocean_menu_typo_font_family":"","ocean_menu_typo_font_subset":"","ocean_menu_typo_font_size":0,"ocean_menu_typo_font_size_tablet":0,"ocean_menu_typo_font_size_mobile":0,"ocean_menu_typo_font_size_unit":"px","ocean_menu_typo_font_weight":"","ocean_menu_typo_font_weight_tablet":"","ocean_menu_typo_font_weight_mobile":"","ocean_menu_typo_transform":"","ocean_menu_typo_transform_tablet":"","ocean_menu_typo_transform_mobile":"","ocean_menu_typo_line_height":0,"ocean_menu_typo_line_height_tablet":0,"ocean_menu_typo_line_height_mobile":0,"ocean_menu_typo_line_height_unit":"","ocean_menu_typo_spacing":0,"ocean_menu_typo_spacing_tablet":0,"ocean_menu_typo_spacing_mobile":0,"ocean_menu_typo_spacing_unit":"","ocean_menu_link_color":"","ocean_menu_link_color_hover":"","ocean_menu_link_color_active":"","ocean_menu_link_background":"","ocean_menu_link_hover_background":"","ocean_menu_link_active_background":"","ocean_menu_social_links_bg":"","ocean_menu_social_hover_links_bg":"","ocean_menu_social_links_color":"","ocean_menu_social_hover_links_color":"","ocean_disable_title":"default","ocean_disable_heading":"default","ocean_post_title":"","ocean_post_subheading":"","ocean_post_title_style":"","ocean_post_title_background_color":"","ocean_post_title_background":0,"ocean_post_title_bg_image_position":"","ocean_post_title_bg_image_attachment":"","ocean_post_title_bg_image_repeat":"","ocean_post_title_bg_image_size":"","ocean_post_title_height":0,"ocean_post_title_bg_overlay":0.5,"ocean_post_title_bg_overlay_color":"","ocean_disable_breadcrumbs":"default","ocean_breadcrumbs_color":"","ocean_breadcrumbs_separator_color":"","ocean_breadcrumbs_links_color":"","ocean_breadcrumbs_links_hover_color":"","ocean_display_footer_widgets":"default","ocean_display_footer_bottom":"default","ocean_custom_footer_template":"","ocean_post_oembed":"","ocean_post_self_hosted_media":"","ocean_post_video_embed":"","ocean_link_format":"","ocean_link_format_target":"self","ocean_quote_format":"","ocean_quote_format_link":"post","ocean_gallery_link_images":"on","ocean_gallery_id":[],"footnotes":""},"categories":[16,47,51,41],"tags":[],"class_list":["post-8234","post","type-post","status-publish","format-standard","has-post-thumbnail","hentry","category-actions","category-pnc","category-retour-sur","category-stand","entry","has-media"],"acf":[],"_links":{"self":[{"href":"https:\/\/vergersdelozere.net\/index.php\/wp-json\/wp\/v2\/posts\/8234"}],"collection":[{"href":"https:\/\/vergersdelozere.net\/index.php\/wp-json\/wp\/v2\/posts"}],"about":[{"href":"https:\/\/vergersdelozere.net\/index.php\/wp-json\/wp\/v2\/types\/post"}],"author":[{"embeddable":true,"href":"https:\/\/vergersdelozere.net\/index.php\/wp-json\/wp\/v2\/users\/1"}],"replies":[{"embeddable":true,"href":"https:\/\/vergersdelozere.net\/index.php\/wp-json\/wp\/v2\/comments?post=8234"}],"version-history":[{"count":6,"href":"https:\/\/vergersdelozere.net\/index.php\/wp-json\/wp\/v2\/posts\/8234\/revisions"}],"predecessor-version":[{"id":8242,"href":"https:\/\/vergersdelozere.net\/index.php\/wp-json\/wp\/v2\/posts\/8234\/revisions\/8242"}],"wp:featuredmedia":[{"embeddable":true,"href":"https:\/\/vergersdelozere.net\/index.php\/wp-json\/wp\/v2\/media\/8235"}],"wp:attachment":[{"href":"https:\/\/vergersdelozere.net\/index.php\/wp-json\/wp\/v2\/media?parent=8234"}],"wp:term":[{"taxonomy":"category","embeddable":true,"href":"https:\/\/vergersdelozere.net\/index.php\/wp-json\/wp\/v2\/categories?post=8234"},{"taxonomy":"post_tag","embeddable":true,"href":"https:\/\/vergersdelozere.net\/index.php\/wp-json\/wp\/v2\/tags?post=8234"}],"curies":[{"name":"wp","href":"https:\/\/api.w.org\/{rel}","templated":true}]}}