{"id":6421,"date":"2023-11-13T09:48:18","date_gmt":"2023-11-13T08:48:18","guid":{"rendered":"https:\/\/vergersdelozere.net\/?p=6421"},"modified":"2024-01-11T17:12:27","modified_gmt":"2024-01-11T16:12:27","slug":"quezac-une-belle-premiere","status":"publish","type":"post","link":"https:\/\/vergersdelozere.net\/index.php\/2023\/11\/13\/quezac-une-belle-premiere\/","title":{"rendered":"Qu\u00e9zac : une belle premi\u00e8re."},"content":{"rendered":"\t\t<div data-elementor-type=\"wp-post\" data-elementor-id=\"6421\" class=\"elementor elementor-6421\" data-elementor-post-type=\"post\">\n\t\t\t\t\t\t<section class=\"elementor-section elementor-top-section elementor-element elementor-element-57eab12a elementor-section-boxed elementor-section-height-default elementor-section-height-default\" data-id=\"57eab12a\" data-element_type=\"section\">\n\t\t\t\t\t\t<div class=\"elementor-container elementor-column-gap-default\">\n\t\t\t\t\t<div class=\"elementor-column elementor-col-100 elementor-top-column elementor-element elementor-element-4b4b6c36\" data-id=\"4b4b6c36\" data-element_type=\"column\">\n\t\t\t<div class=\"elementor-widget-wrap elementor-element-populated\">\n\t\t\t\t\t\t<div class=\"elementor-element elementor-element-26e48bfe elementor-widget elementor-widget-text-editor\" data-id=\"26e48bfe\" data-element_type=\"widget\" data-widget_type=\"text-editor.default\">\n\t\t\t\t<div class=\"elementor-widget-container\">\n\t\t\t\t\t\t\t\t\t<p>&nbsp;<span style=\"font-size: 24.000001907348633px;\">Le foyer rural \u00ab&nbsp;Les Petits Cailloux&nbsp;\u00bb de Qu\u00e9zac organisait, le samedi 4 novembre, la \u00ab&nbsp;F\u00eate de la Vigne et des Vergers&nbsp;\u00bb. A c\u00f4t\u00e9 de Sabine du centre de pomologie d&rsquo;Al\u00e8s, officiant \u00e0 la reconnaissance des fruits, le stand de Vergers de Loz\u00e8re \u00e9tait en bonne place et a re\u00e7u la visite de tr\u00e8s nombreuses personnes int\u00e9ress\u00e9es par le th\u00e8me de la journ\u00e9e.<\/span><\/p>\t\t\t\t\t\t\t\t<\/div>\n\t\t\t\t<\/div>\n\t\t\t\t<div class=\"elementor-element elementor-element-6b107c5 elementor-widget elementor-widget-image\" data-id=\"6b107c5\" data-element_type=\"widget\" data-widget_type=\"image.default\">\n\t\t\t\t<div class=\"elementor-widget-container\">\n\t\t\t\t\t\t\t\t\t\t\t\t\t\t\t<img fetchpriority=\"high\" decoding=\"async\" width=\"595\" height=\"793\" src=\"https:\/\/vergersdelozere.net\/wp-content\/uploads\/2023\/12\/20231104_Quezac_Stand_CTJ.jpg\" class=\"attachment-medium_large size-medium_large wp-image-6737\" alt=\"\" srcset=\"https:\/\/vergersdelozere.net\/wp-content\/uploads\/2023\/12\/20231104_Quezac_Stand_CTJ.jpg 595w, https:\/\/vergersdelozere.net\/wp-content\/uploads\/2023\/12\/20231104_Quezac_Stand_CTJ-225x300.jpg 225w\" sizes=\"(max-width: 595px) 100vw, 595px\" \/>\t\t\t\t\t\t\t\t\t\t\t\t\t\t\t<\/div>\n\t\t\t\t<\/div>\n\t\t\t\t<div class=\"elementor-element elementor-element-a03f188 elementor-widget elementor-widget-text-editor\" data-id=\"a03f188\" data-element_type=\"widget\" data-widget_type=\"text-editor.default\">\n\t\t\t\t<div class=\"elementor-widget-container\">\n\t\t\t\t\t\t\t\t\t<p>Vers onze heures une premi\u00e8re visite du verger conservatoire \u00e9tait organis\u00e9e. Une bonne vingtaine de curieux est venue \u00e9couter la pr\u00e9sentation du projet global du \u00ab&nbsp;Pr\u00e9 aux Clercs&nbsp;\u00bb faite par madame Kozlowski, maire de Qu\u00e9zac. L&rsquo;implication du Parc naturel des C\u00e9vennes \u00e9tait clarifi\u00e9e par Juliette Outrebon et le r\u00f4le de Vergers de Loz\u00e8re dans cette organisation tripartite expliqu\u00e9 par Jacky.<\/p>\n<p><span style=\"font-family: 'EB Garamond'; font-size: 24.000001907348633px; font-style: normal; font-variant-caps: normal;\">Avec beaucoup de d\u00e9tails et explications il a \u00e9t\u00e9 proc\u00e9d\u00e9 \u00e0 la taille de formation des jeunes scions plant\u00e9s en d\u00e9cembre 2022. Une belle occasion pour beaucoup de se rendre compte du soin \u00e0 apporter aux arbres d\u00e8s leur plus jeune \u00e2ge et de bien comprendre que la forme future de ces v\u00e9g\u00e9taux se d\u00e9cide au plus t\u00f4t. On en a profit\u00e9 aussi pour revenir sur les travaux pr\u00e9paratoires et la plantation proprement dite, m\u00eame si c&rsquo;\u00e9tait plut\u00f4t le sujet de l&rsquo;apr\u00e8s midi.<\/span><\/p>\t\t\t\t\t\t\t\t<\/div>\n\t\t\t\t<\/div>\n\t\t\t\t<div class=\"elementor-element elementor-element-d15a9ff elementor-widget elementor-widget-image\" data-id=\"d15a9ff\" data-element_type=\"widget\" data-widget_type=\"image.default\">\n\t\t\t\t<div class=\"elementor-widget-container\">\n\t\t\t\t\t\t\t\t\t\t\t\t\t\t\t<img decoding=\"async\" width=\"768\" height=\"765\" src=\"https:\/\/vergersdelozere.net\/wp-content\/uploads\/2024\/01\/20231104_Quezac_X_012_ML-768x765.jpg\" class=\"attachment-medium_large size-medium_large wp-image-7016\" alt=\"\" srcset=\"https:\/\/vergersdelozere.net\/wp-content\/uploads\/2024\/01\/20231104_Quezac_X_012_ML-768x765.jpg 768w, https:\/\/vergersdelozere.net\/wp-content\/uploads\/2024\/01\/20231104_Quezac_X_012_ML-300x300.jpg 300w, https:\/\/vergersdelozere.net\/wp-content\/uploads\/2024\/01\/20231104_Quezac_X_012_ML-150x150.jpg 150w, https:\/\/vergersdelozere.net\/wp-content\/uploads\/2024\/01\/20231104_Quezac_X_012_ML.jpg 903w\" sizes=\"(max-width: 768px) 100vw, 768px\" \/>\t\t\t\t\t\t\t\t\t\t\t\t\t\t\t<\/div>\n\t\t\t\t<\/div>\n\t\t\t\t<div class=\"elementor-element elementor-element-f706edc elementor-widget elementor-widget-text-editor\" data-id=\"f706edc\" data-element_type=\"widget\" data-widget_type=\"text-editor.default\">\n\t\t\t\t<div class=\"elementor-widget-container\">\n\t\t\t\t\t\t\t\t\t<p><span style=\"font-size: 24.000001907348633px;\">En effet, apr\u00e8s avoir d\u00e9gust\u00e9 un aligot saucisse bienfaiteur, une deuxi\u00e8me visite du verger \u00e9tait programm\u00e9e vers 14h30.&nbsp;<\/span><\/p><p><span style=\"font-size: 24.000001907348633px;\">Une m\u00eame pr\u00e9sentation a \u00e9t\u00e9 propos\u00e9e \u00e0 la quinzaine de nouveaux venus avant de les inviter \u00e0 participer \u00e0 la plantation de nouveaux scions, fournis par nos p\u00e9pini\u00e9ristes de c\u0153ur Albert et Alexandre.<\/span><\/p>\n<p>Aux emplacements pr\u00e9par\u00e9s de longue date par le creusement d&rsquo;une fouille d&rsquo;un m\u00e8tre cube, la pose d&rsquo;un tuteur et le remplissage de cette m\u00eame fosse, petits et grands, jeunes et vieux, ont pratiqu\u00e9 en suivant scrupuleusement les pr\u00e9cieuses consignes d\u00e9livr\u00e9es par Jacky. L\u00e0 encore beaucoup d&rsquo;explications sur la plantation, le respect strict des trois centim\u00e8tres au dessus du collet de racines&nbsp; \u00e0 enterrer, l&rsquo;attachage au tuteur, l&rsquo;arrosage indispensable apr\u00e8s chaque plantation qui rend inutile et improductif le tassement de la terre au pied. Beaucoup de questions aussi, qui prouvaient bien l&rsquo;int\u00e9r\u00eat de prendre le temps d&rsquo;expliquer ce que sont un arbre fruitier, un porte greffe, une vari\u00e9t\u00e9 locale ou ancienne \u2026<\/p>\t\t\t\t\t\t\t\t<\/div>\n\t\t\t\t<\/div>\n\t\t\t\t<div class=\"elementor-element elementor-element-70769ce elementor-widget elementor-widget-image\" data-id=\"70769ce\" data-element_type=\"widget\" data-widget_type=\"image.default\">\n\t\t\t\t<div class=\"elementor-widget-container\">\n\t\t\t\t\t\t\t\t\t\t\t\t\t\t\t<img decoding=\"async\" width=\"595\" height=\"793\" src=\"https:\/\/vergersdelozere.net\/wp-content\/uploads\/2023\/12\/20231104_Quezac_Table_CTJ.jpg\" class=\"attachment-medium_large size-medium_large wp-image-6733\" alt=\"\" srcset=\"https:\/\/vergersdelozere.net\/wp-content\/uploads\/2023\/12\/20231104_Quezac_Table_CTJ.jpg 595w, https:\/\/vergersdelozere.net\/wp-content\/uploads\/2023\/12\/20231104_Quezac_Table_CTJ-225x300.jpg 225w\" sizes=\"(max-width: 595px) 100vw, 595px\" \/>\t\t\t\t\t\t\t\t\t\t\t\t\t\t\t<\/div>\n\t\t\t\t<\/div>\n\t\t\t\t<div class=\"elementor-element elementor-element-6da2c20 elementor-widget elementor-widget-text-editor\" data-id=\"6da2c20\" data-element_type=\"widget\" data-widget_type=\"text-editor.default\">\n\t\t\t\t<div class=\"elementor-widget-container\">\n\t\t\t\t\t\t\t\t\t<p><span style=\"font-size: 24.000001907348633px;\">Nous avons eu l&rsquo;excellente surprise de voir M. Olivier Taurisson, maire de Brenoux, venu voir comment se d\u00e9roulait cet \u00e9v\u00e9nement. Il \u00e9tait fortement int\u00e9ress\u00e9 car la cr\u00e9ation d&rsquo;un nouveau verger conservatoire (mairie, Pnc, VdL) se profile concr\u00e8tement sur le territoire de sa commune.<\/span><\/p>\t\t\t\t\t\t\t\t<\/div>\n\t\t\t\t<\/div>\n\t\t\t\t<div class=\"elementor-element elementor-element-e87b19c elementor-widget elementor-widget-text-editor\" data-id=\"e87b19c\" data-element_type=\"widget\" data-widget_type=\"text-editor.default\">\n\t\t\t\t<div class=\"elementor-widget-container\">\n\t\t\t\t\t\t\t\t\t<p><span style=\"font-size: 24.000001907348633px;\">Une organisation parfaite, beaucoup de stands int\u00e9ressants, des associations ayant r\u00e9pondu \u00ab\u00a0pr\u00e9sent\u00a0\u00bb un public nombreux et int\u00e9ress\u00e9, tout ceci est d&rsquo;autant plus remarquable que c&rsquo;\u00e9tait une premi\u00e8re, et que le temps a \u00e9t\u00e9 tr\u00e8s pluvieux toute la journ\u00e9e. Sans conteste une op\u00e9ration \u00e0 renouveler l&rsquo;an prochain si c&rsquo;est possible\u00a0!<\/span><\/p>\t\t\t\t\t\t\t\t<\/div>\n\t\t\t\t<\/div>\n\t\t\t\t<div class=\"elementor-element elementor-element-15585b8 elementor-widget elementor-widget-text-editor\" data-id=\"15585b8\" data-element_type=\"widget\" data-widget_type=\"text-editor.default\">\n\t\t\t\t<div class=\"elementor-widget-container\">\n\t\t\t\t\t\t\t\t\t<p style=\"text-align: right;\"><span style=\"font-size: 24.000001907348633px;\">Jacky Brard, relecture PM,&nbsp;<\/span><\/p><p style=\"text-align: right;\"><span style=\"font-size: 24.000001907348633px;\">Photos Christian Thomas-Javid<\/span><\/p>\t\t\t\t\t\t\t\t<\/div>\n\t\t\t\t<\/div>\n\t\t\t\t<div class=\"elementor-element elementor-element-9e53580 elementor-widget-divider--view-line elementor-widget elementor-widget-divider\" data-id=\"9e53580\" data-element_type=\"widget\" data-widget_type=\"divider.default\">\n\t\t\t\t<div class=\"elementor-widget-container\">\n\t\t\t\t\t\t\t<div class=\"elementor-divider\">\n\t\t\t<span class=\"elementor-divider-separator\">\n\t\t\t\t\t\t<\/span>\n\t\t<\/div>\n\t\t\t\t\t\t<\/div>\n\t\t\t\t<\/div>\n\t\t\t\t<div class=\"elementor-element elementor-element-a3e17eb elementor-widget elementor-widget-heading\" data-id=\"a3e17eb\" data-element_type=\"widget\" data-widget_type=\"heading.default\">\n\t\t\t\t<div class=\"elementor-widget-container\">\n\t\t\t\t\t<h3 class=\"elementor-heading-title elementor-size-default\">Article Midi libre<\/h3>\t\t\t\t<\/div>\n\t\t\t\t<\/div>\n\t\t\t\t<div class=\"elementor-element elementor-element-97ea209 elementor-widget elementor-widget-image\" data-id=\"97ea209\" data-element_type=\"widget\" data-widget_type=\"image.default\">\n\t\t\t\t<div class=\"elementor-widget-container\">\n\t\t\t\t\t\t\t\t\t\t\t\t\t\t\t<img loading=\"lazy\" decoding=\"async\" width=\"300\" height=\"251\" src=\"https:\/\/vergersdelozere.net\/wp-content\/uploads\/2023\/12\/20231104_Midi_Libre_Quezac_RKML-300x251.jpg\" class=\"attachment-medium size-medium wp-image-6753\" alt=\"\" srcset=\"https:\/\/vergersdelozere.net\/wp-content\/uploads\/2023\/12\/20231104_Midi_Libre_Quezac_RKML-300x251.jpg 300w, https:\/\/vergersdelozere.net\/wp-content\/uploads\/2023\/12\/20231104_Midi_Libre_Quezac_RKML-1024x856.jpg 1024w, https:\/\/vergersdelozere.net\/wp-content\/uploads\/2023\/12\/20231104_Midi_Libre_Quezac_RKML-768x642.jpg 768w, https:\/\/vergersdelozere.net\/wp-content\/uploads\/2023\/12\/20231104_Midi_Libre_Quezac_RKML.jpg 1100w\" sizes=\"(max-width: 300px) 100vw, 300px\" \/>\t\t\t\t\t\t\t\t\t\t\t\t\t\t\t<\/div>\n\t\t\t\t<\/div>\n\t\t\t\t<div class=\"elementor-element elementor-element-94d8ee6 elementor-widget elementor-widget-heading\" data-id=\"94d8ee6\" data-element_type=\"widget\" data-widget_type=\"heading.default\">\n\t\t\t\t<div class=\"elementor-widget-container\">\n\t\t\t\t\t<h3 class=\"elementor-heading-title elementor-size-default\">Reportage vid\u00e9o sur T\u00e9l\u00e9draille<\/h3>\t\t\t\t<\/div>\n\t\t\t\t<\/div>\n\t\t\t\t<div class=\"elementor-element elementor-element-68b4883 elementor-widget elementor-widget-video\" data-id=\"68b4883\" data-element_type=\"widget\" data-settings=\"{&quot;youtube_url&quot;:&quot;https:\\\/\\\/youtu.be\\\/ZHapCRxSvaE?si=F3u46dW2vxfGuW7l&quot;,&quot;video_type&quot;:&quot;youtube&quot;,&quot;controls&quot;:&quot;yes&quot;}\" data-widget_type=\"video.default\">\n\t\t\t\t<div class=\"elementor-widget-container\">\n\t\t\t\t\t\t\t<div class=\"elementor-wrapper elementor-open-inline\">\n\t\t\t<div class=\"elementor-video\"><\/div>\t\t<\/div>\n\t\t\t\t\t\t<\/div>\n\t\t\t\t<\/div>\n\t\t\t\t\t<\/div>\n\t\t<\/div>\n\t\t\t\t\t<\/div>\n\t\t<\/section>\n\t\t\t\t<\/div>\n\t\t","protected":false},"excerpt":{"rendered":"<p>&nbsp;Le foyer rural \u00ab&nbsp;Les Petits Cailloux&nbsp;\u00bb de Qu\u00e9zac organisait, le samedi 4 novembre, la \u00ab&nbsp;F\u00eate de la Vigne et des Vergers&nbsp;\u00bb. A c\u00f4t\u00e9 de Sabine du centre de pomologie d&rsquo;Al\u00e8s, officiant \u00e0 la reconnaissance des fruits, le stand de Vergers de Loz\u00e8re \u00e9tait en bonne place et a re\u00e7u la visite de tr\u00e8s nombreuses personnes [&hellip;]<\/p>\n","protected":false},"author":1,"featured_media":6143,"comment_status":"open","ping_status":"open","sticky":false,"template":"","format":"standard","meta":{"_acf_changed":false,"ocean_post_layout":"","ocean_both_sidebars_style":"","ocean_both_sidebars_content_width":0,"ocean_both_sidebars_sidebars_width":0,"ocean_sidebar":"0","ocean_second_sidebar":"0","ocean_disable_margins":"enable","ocean_add_body_class":"","ocean_shortcode_before_top_bar":"","ocean_shortcode_after_top_bar":"","ocean_shortcode_before_header":"","ocean_shortcode_after_header":"","ocean_has_shortcode":"","ocean_shortcode_after_title":"","ocean_shortcode_before_footer_widgets":"","ocean_shortcode_after_footer_widgets":"","ocean_shortcode_before_footer_bottom":"","ocean_shortcode_after_footer_bottom":"","ocean_display_top_bar":"default","ocean_display_header":"default","ocean_header_style":"","ocean_center_header_left_menu":"0","ocean_custom_header_template":"0","ocean_custom_logo":0,"ocean_custom_retina_logo":0,"ocean_custom_logo_max_width":0,"ocean_custom_logo_tablet_max_width":0,"ocean_custom_logo_mobile_max_width":0,"ocean_custom_logo_max_height":0,"ocean_custom_logo_tablet_max_height":0,"ocean_custom_logo_mobile_max_height":0,"ocean_header_custom_menu":"0","ocean_menu_typo_font_family":"0","ocean_menu_typo_font_subset":"","ocean_menu_typo_font_size":0,"ocean_menu_typo_font_size_tablet":0,"ocean_menu_typo_font_size_mobile":0,"ocean_menu_typo_font_size_unit":"px","ocean_menu_typo_font_weight":"","ocean_menu_typo_font_weight_tablet":"","ocean_menu_typo_font_weight_mobile":"","ocean_menu_typo_transform":"","ocean_menu_typo_transform_tablet":"","ocean_menu_typo_transform_mobile":"","ocean_menu_typo_line_height":0,"ocean_menu_typo_line_height_tablet":0,"ocean_menu_typo_line_height_mobile":0,"ocean_menu_typo_line_height_unit":"","ocean_menu_typo_spacing":0,"ocean_menu_typo_spacing_tablet":0,"ocean_menu_typo_spacing_mobile":0,"ocean_menu_typo_spacing_unit":"","ocean_menu_link_color":"","ocean_menu_link_color_hover":"","ocean_menu_link_color_active":"","ocean_menu_link_background":"","ocean_menu_link_hover_background":"","ocean_menu_link_active_background":"","ocean_menu_social_links_bg":"","ocean_menu_social_hover_links_bg":"","ocean_menu_social_links_color":"","ocean_menu_social_hover_links_color":"","ocean_disable_title":"default","ocean_disable_heading":"default","ocean_post_title":"","ocean_post_subheading":"","ocean_post_title_style":"","ocean_post_title_background_color":"","ocean_post_title_background":0,"ocean_post_title_bg_image_position":"","ocean_post_title_bg_image_attachment":"","ocean_post_title_bg_image_repeat":"","ocean_post_title_bg_image_size":"","ocean_post_title_height":0,"ocean_post_title_bg_overlay":0.5,"ocean_post_title_bg_overlay_color":"","ocean_disable_breadcrumbs":"default","ocean_breadcrumbs_color":"","ocean_breadcrumbs_separator_color":"","ocean_breadcrumbs_links_color":"","ocean_breadcrumbs_links_hover_color":"","ocean_display_footer_widgets":"default","ocean_display_footer_bottom":"default","ocean_custom_footer_template":"0","ocean_post_oembed":"","ocean_post_self_hosted_media":"","ocean_post_video_embed":"","ocean_link_format":"","ocean_link_format_target":"self","ocean_quote_format":"","ocean_quote_format_link":"post","ocean_gallery_link_images":"on","ocean_gallery_id":[],"footnotes":""},"categories":[16,19,49,54,51,41,32],"tags":[],"class_list":["post-6421","post","type-post","status-publish","format-standard","has-post-thumbnail","hentry","category-actions","category-animations-actions","category-planter","category-determination","category-retour-sur","category-stand","category-video","entry","has-media"],"acf":[],"_links":{"self":[{"href":"https:\/\/vergersdelozere.net\/index.php\/wp-json\/wp\/v2\/posts\/6421"}],"collection":[{"href":"https:\/\/vergersdelozere.net\/index.php\/wp-json\/wp\/v2\/posts"}],"about":[{"href":"https:\/\/vergersdelozere.net\/index.php\/wp-json\/wp\/v2\/types\/post"}],"author":[{"embeddable":true,"href":"https:\/\/vergersdelozere.net\/index.php\/wp-json\/wp\/v2\/users\/1"}],"replies":[{"embeddable":true,"href":"https:\/\/vergersdelozere.net\/index.php\/wp-json\/wp\/v2\/comments?post=6421"}],"version-history":[{"count":43,"href":"https:\/\/vergersdelozere.net\/index.php\/wp-json\/wp\/v2\/posts\/6421\/revisions"}],"predecessor-version":[{"id":7022,"href":"https:\/\/vergersdelozere.net\/index.php\/wp-json\/wp\/v2\/posts\/6421\/revisions\/7022"}],"wp:featuredmedia":[{"embeddable":true,"href":"https:\/\/vergersdelozere.net\/index.php\/wp-json\/wp\/v2\/media\/6143"}],"wp:attachment":[{"href":"https:\/\/vergersdelozere.net\/index.php\/wp-json\/wp\/v2\/media?parent=6421"}],"wp:term":[{"taxonomy":"category","embeddable":true,"href":"https:\/\/vergersdelozere.net\/index.php\/wp-json\/wp\/v2\/categories?post=6421"},{"taxonomy":"post_tag","embeddable":true,"href":"https:\/\/vergersdelozere.net\/index.php\/wp-json\/wp\/v2\/tags?post=6421"}],"curies":[{"name":"wp","href":"https:\/\/api.w.org\/{rel}","templated":true}]}}