{"id":5996,"date":"2023-06-22T20:00:08","date_gmt":"2023-06-22T18:00:08","guid":{"rendered":"https:\/\/vergersdelozere.net\/?p=5996"},"modified":"2023-07-15T12:13:46","modified_gmt":"2023-07-15T10:13:46","slug":"tac-invite-vergers-de-lozere-le-9-juillet","status":"publish","type":"post","link":"https:\/\/vergersdelozere.net\/index.php\/2023\/06\/22\/tac-invite-vergers-de-lozere-le-9-juillet\/","title":{"rendered":"TAC invite Vergers de Loz\u00e8re le 9 juillet"},"content":{"rendered":"\t\t<div data-elementor-type=\"wp-post\" data-elementor-id=\"5996\" class=\"elementor elementor-5996\" data-elementor-post-type=\"post\">\n\t\t\t\t\t\t<section class=\"elementor-section elementor-top-section elementor-element elementor-element-29283311 elementor-section-boxed elementor-section-height-default elementor-section-height-default\" data-id=\"29283311\" data-element_type=\"section\">\n\t\t\t\t\t\t<div class=\"elementor-container elementor-column-gap-default\">\n\t\t\t\t\t<div class=\"elementor-column elementor-col-100 elementor-top-column elementor-element elementor-element-525d426d\" data-id=\"525d426d\" data-element_type=\"column\">\n\t\t\t<div class=\"elementor-widget-wrap elementor-element-populated\">\n\t\t\t\t\t\t<div class=\"elementor-element elementor-element-37ff4c1d elementor-widget elementor-widget-text-editor\" data-id=\"37ff4c1d\" data-element_type=\"widget\" data-widget_type=\"text-editor.default\">\n\t\t\t\t<div class=\"elementor-widget-container\">\n\t\t\t\t\t\t\t\t\t<div dir=\"auto\">Terres Arboricoles C\u00e9venoles, une de nos associations partenaires, bas\u00e9e dans le Gard, pr\u00e8s du Vigan&nbsp;propose aux adh\u00e9rents de Vergers de Loz\u00e8re une journ\u00e9e inter-associations r\u00e9unissant \u00ab\u00a0Terres Arboricoles C\u00e9venoles\u00a0\u00bb, \u00ab\u00a0Vergers de Loz\u00e8re\u00a0\u00bb et \u00ab\u00a0Les Vergers de Larcy\u00a0\u00bb.&nbsp;<span style=\"font-size: 26px;\">&nbsp;<\/span><\/div>\t\t\t\t\t\t\t\t<\/div>\n\t\t\t\t<\/div>\n\t\t\t\t<div class=\"elementor-element elementor-element-0e0dce1 elementor-widget-divider--view-line elementor-widget elementor-widget-divider\" data-id=\"0e0dce1\" data-element_type=\"widget\" data-widget_type=\"divider.default\">\n\t\t\t\t<div class=\"elementor-widget-container\">\n\t\t\t\t\t\t\t<div class=\"elementor-divider\">\n\t\t\t<span class=\"elementor-divider-separator\">\n\t\t\t\t\t\t<\/span>\n\t\t<\/div>\n\t\t\t\t\t\t<\/div>\n\t\t\t\t<\/div>\n\t\t\t\t<div class=\"elementor-element elementor-element-cda1ad3 elementor-widget elementor-widget-text-editor\" data-id=\"cda1ad3\" data-element_type=\"widget\" data-widget_type=\"text-editor.default\">\n\t\t\t\t<div class=\"elementor-widget-container\">\n\t\t\t\t\t\t\t\t\t<p><span style=\"font-size: 24px;\">R\u00e9ponse souhait\u00e9e avant le 6 juillet,&nbsp;<\/span><\/p><p><span style=\"font-size: 24px;\">p<\/span><span style=\"font-family: 'EB Garamond'; font-size: 24px; font-style: normal; font-variant-caps: normal;\">our l&rsquo;organisation et le bon d\u00e9roul\u00e9 de cette belle journ\u00e9e en perspective.<\/span><\/p><p><span style=\"font-family: 'EB Garamond'; font-size: 24px; font-style: normal; font-variant-caps: normal;\">M<\/span><span style=\"font-size: 24px;\">essage vocal ou SMS t\u00e9l\u00e9phonique au 06 35 12 87 51 (Alexandre)&nbsp;<\/span><\/p><p><span style=\"font-size: 24px;\">o<\/span><span style=\"font-size: 24px;\">u par courriel : &nbsp;<\/span><a style=\"font-size: 24px;\" href=\"mailto:terres.arboricoles.cevenoles@gmail.com\">terres.arboricoles.cevenoles@gmail.com<\/a><\/p>\t\t\t\t\t\t\t\t<\/div>\n\t\t\t\t<\/div>\n\t\t\t\t<div class=\"elementor-element elementor-element-a1dcc91 elementor-widget-divider--view-line elementor-widget elementor-widget-divider\" data-id=\"a1dcc91\" data-element_type=\"widget\" data-widget_type=\"divider.default\">\n\t\t\t\t<div class=\"elementor-widget-container\">\n\t\t\t\t\t\t\t<div class=\"elementor-divider\">\n\t\t\t<span class=\"elementor-divider-separator\">\n\t\t\t\t\t\t<\/span>\n\t\t<\/div>\n\t\t\t\t\t\t<\/div>\n\t\t\t\t<\/div>\n\t\t\t\t<div class=\"elementor-element elementor-element-3e6076b elementor-widget elementor-widget-heading\" data-id=\"3e6076b\" data-element_type=\"widget\" data-widget_type=\"heading.default\">\n\t\t\t\t<div class=\"elementor-widget-container\">\n\t\t\t\t\t<h3 class=\"elementor-heading-title elementor-size-default\">Programme<\/h3>\t\t\t\t<\/div>\n\t\t\t\t<\/div>\n\t\t\t\t<div class=\"elementor-element elementor-element-cb4ca6f elementor-widget elementor-widget-text-editor\" data-id=\"cb4ca6f\" data-element_type=\"widget\" data-widget_type=\"text-editor.default\">\n\t\t\t\t<div class=\"elementor-widget-container\">\n\t\t\t\t\t\t\t\t\t<div dir=\"auto\">\n<ul>\n<li>RDV \u00e0 9h30 au stade d&rsquo;Alzon pour le point accueil, caf\u00e9 et collation.<\/li>\n<li>10h30 : D\u00e9couverte et visite d\u2019un grand verger polyvari\u00e9tal en cours d\u2019implantation et de la p\u00e9pini\u00e8re de Larcy \u00e0 Alzon (30770).<\/li>\n<li>12h00 : Repas champ\u00eatre, tir\u00e9 du sac et partag\u00e9, comme \u00e0 l\u2019auberge espagnole (\u00e0 Alzon).<\/li>\n<li>14h00 : Visite du verger et p\u00e9pini\u00e8re du Pr\u00e9 du Cur\u00e9 \u00e0 Bez et Esparon (30120) \u00e0 20 minutes, en covoiturage.<span class=\"Apple-converted-space\">&nbsp;<\/span><\/li>\n<li>15h30 : Visite des vergers de collection \u00ab&nbsp;Andr\u00e9 Rouger&nbsp;\u00bb, \u00ab&nbsp;du Pastre&nbsp;\u00bb et celui de Graine de Reinette \u00e0 Lasfont, sur la commune de Moli\u00e8res-Cavaillac (30120).<span class=\"Apple-converted-space\">&nbsp;<\/span><\/li>\n<li>D\u00e9couverte des ouvrages hydrauliques traditionnels de Lasfont (canaux, cascade, <i>pansi\u00e8re<\/i>, b\u00e9al, lavoir, <i>gourgue<\/i>, moulin \u00e0 c\u00e9r\u00e9ales) dans le hameau.<\/li>\n<li>Rafraichissement et baignade possible \u00e0 la cascade.<\/li>\n<li>18h00 : environ fin de journ\u00e9e.<span style=\"font-size: 24px;\">&nbsp;<\/span><\/li>\n<\/ul>\n<\/div>\t\t\t\t\t\t\t\t<\/div>\n\t\t\t\t<\/div>\n\t\t\t\t<div class=\"elementor-element elementor-element-b3863cf elementor-widget elementor-widget-image\" data-id=\"b3863cf\" data-element_type=\"widget\" data-widget_type=\"image.default\">\n\t\t\t\t<div class=\"elementor-widget-container\">\n\t\t\t\t\t\t\t\t\t\t\t\t\t\t\t<img decoding=\"async\" width=\"204\" height=\"198\" src=\"https:\/\/vergersdelozere.net\/wp-content\/uploads\/2022\/03\/Logo_TAC.png\" class=\"attachment-medium_large size-medium_large wp-image-4727\" alt=\"\" \/>\t\t\t\t\t\t\t\t\t\t\t\t\t\t\t<\/div>\n\t\t\t\t<\/div>\n\t\t\t\t\t<\/div>\n\t\t<\/div>\n\t\t\t\t\t<\/div>\n\t\t<\/section>\n\t\t\t\t<\/div>\n\t\t","protected":false},"excerpt":{"rendered":"<p>Terres Arboricoles C\u00e9venoles, une de nos associations partenaires, bas\u00e9e dans le Gard, pr\u00e8s du Vigan&nbsp;propose aux adh\u00e9rents de Vergers de Loz\u00e8re une journ\u00e9e inter-associations r\u00e9unissant \u00ab\u00a0Terres Arboricoles C\u00e9venoles\u00a0\u00bb, \u00ab\u00a0Vergers de Loz\u00e8re\u00a0\u00bb et \u00ab\u00a0Les Vergers de Larcy\u00a0\u00bb.&nbsp;&nbsp; R\u00e9ponse souhait\u00e9e avant le 6 juillet,&nbsp; pour l&rsquo;organisation et le bon d\u00e9roul\u00e9 de cette belle journ\u00e9e en perspective. Message [&hellip;]<\/p>\n","protected":false},"author":1,"featured_media":4727,"comment_status":"open","ping_status":"open","sticky":false,"template":"","format":"standard","meta":{"_acf_changed":false,"ocean_post_layout":"","ocean_both_sidebars_style":"","ocean_both_sidebars_content_width":0,"ocean_both_sidebars_sidebars_width":0,"ocean_sidebar":"0","ocean_second_sidebar":"0","ocean_disable_margins":"enable","ocean_add_body_class":"","ocean_shortcode_before_top_bar":"","ocean_shortcode_after_top_bar":"","ocean_shortcode_before_header":"","ocean_shortcode_after_header":"","ocean_has_shortcode":"","ocean_shortcode_after_title":"","ocean_shortcode_before_footer_widgets":"","ocean_shortcode_after_footer_widgets":"","ocean_shortcode_before_footer_bottom":"","ocean_shortcode_after_footer_bottom":"","ocean_display_top_bar":"default","ocean_display_header":"default","ocean_header_style":"","ocean_center_header_left_menu":"0","ocean_custom_header_template":"0","ocean_custom_logo":0,"ocean_custom_retina_logo":0,"ocean_custom_logo_max_width":0,"ocean_custom_logo_tablet_max_width":0,"ocean_custom_logo_mobile_max_width":0,"ocean_custom_logo_max_height":0,"ocean_custom_logo_tablet_max_height":0,"ocean_custom_logo_mobile_max_height":0,"ocean_header_custom_menu":"0","ocean_menu_typo_font_family":"0","ocean_menu_typo_font_subset":"","ocean_menu_typo_font_size":0,"ocean_menu_typo_font_size_tablet":0,"ocean_menu_typo_font_size_mobile":0,"ocean_menu_typo_font_size_unit":"px","ocean_menu_typo_font_weight":"","ocean_menu_typo_font_weight_tablet":"","ocean_menu_typo_font_weight_mobile":"","ocean_menu_typo_transform":"","ocean_menu_typo_transform_tablet":"","ocean_menu_typo_transform_mobile":"","ocean_menu_typo_line_height":0,"ocean_menu_typo_line_height_tablet":0,"ocean_menu_typo_line_height_mobile":0,"ocean_menu_typo_line_height_unit":"","ocean_menu_typo_spacing":0,"ocean_menu_typo_spacing_tablet":0,"ocean_menu_typo_spacing_mobile":0,"ocean_menu_typo_spacing_unit":"","ocean_menu_link_color":"","ocean_menu_link_color_hover":"","ocean_menu_link_color_active":"","ocean_menu_link_background":"","ocean_menu_link_hover_background":"","ocean_menu_link_active_background":"","ocean_menu_social_links_bg":"","ocean_menu_social_hover_links_bg":"","ocean_menu_social_links_color":"","ocean_menu_social_hover_links_color":"","ocean_disable_title":"default","ocean_disable_heading":"default","ocean_post_title":"","ocean_post_subheading":"","ocean_post_title_style":"","ocean_post_title_background_color":"","ocean_post_title_background":0,"ocean_post_title_bg_image_position":"","ocean_post_title_bg_image_attachment":"","ocean_post_title_bg_image_repeat":"","ocean_post_title_bg_image_size":"","ocean_post_title_height":0,"ocean_post_title_bg_overlay":0.5,"ocean_post_title_bg_overlay_color":"","ocean_disable_breadcrumbs":"default","ocean_breadcrumbs_color":"","ocean_breadcrumbs_separator_color":"","ocean_breadcrumbs_links_color":"","ocean_breadcrumbs_links_hover_color":"","ocean_display_footer_widgets":"default","ocean_display_footer_bottom":"default","ocean_custom_footer_template":"0","ocean_post_oembed":"","ocean_post_self_hosted_media":"","ocean_post_video_embed":"","ocean_link_format":"","ocean_link_format_target":"self","ocean_quote_format":"","ocean_quote_format_link":"post","ocean_gallery_link_images":"off","ocean_gallery_id":[],"footnotes":""},"categories":[46,45],"tags":[],"class_list":["post-5996","post","type-post","status-publish","format-standard","has-post-thumbnail","hentry","category-partenariat-associatif","category-visite","entry","has-media"],"acf":[],"_links":{"self":[{"href":"https:\/\/vergersdelozere.net\/index.php\/wp-json\/wp\/v2\/posts\/5996"}],"collection":[{"href":"https:\/\/vergersdelozere.net\/index.php\/wp-json\/wp\/v2\/posts"}],"about":[{"href":"https:\/\/vergersdelozere.net\/index.php\/wp-json\/wp\/v2\/types\/post"}],"author":[{"embeddable":true,"href":"https:\/\/vergersdelozere.net\/index.php\/wp-json\/wp\/v2\/users\/1"}],"replies":[{"embeddable":true,"href":"https:\/\/vergersdelozere.net\/index.php\/wp-json\/wp\/v2\/comments?post=5996"}],"version-history":[{"count":23,"href":"https:\/\/vergersdelozere.net\/index.php\/wp-json\/wp\/v2\/posts\/5996\/revisions"}],"predecessor-version":[{"id":6022,"href":"https:\/\/vergersdelozere.net\/index.php\/wp-json\/wp\/v2\/posts\/5996\/revisions\/6022"}],"wp:featuredmedia":[{"embeddable":true,"href":"https:\/\/vergersdelozere.net\/index.php\/wp-json\/wp\/v2\/media\/4727"}],"wp:attachment":[{"href":"https:\/\/vergersdelozere.net\/index.php\/wp-json\/wp\/v2\/media?parent=5996"}],"wp:term":[{"taxonomy":"category","embeddable":true,"href":"https:\/\/vergersdelozere.net\/index.php\/wp-json\/wp\/v2\/categories?post=5996"},{"taxonomy":"post_tag","embeddable":true,"href":"https:\/\/vergersdelozere.net\/index.php\/wp-json\/wp\/v2\/tags?post=5996"}],"curies":[{"name":"wp","href":"https:\/\/api.w.org\/{rel}","templated":true}]}}