{"id":5779,"date":"2023-03-17T08:53:53","date_gmt":"2023-03-17T07:53:53","guid":{"rendered":"https:\/\/vergersdelozere.net\/?p=5779"},"modified":"2023-12-16T11:33:15","modified_gmt":"2023-12-16T10:33:15","slug":"greffe-a-sainte-croix-vf-session-2023-une-reussite","status":"publish","type":"post","link":"https:\/\/vergersdelozere.net\/index.php\/2023\/03\/17\/greffe-a-sainte-croix-vf-session-2023-une-reussite\/","title":{"rendered":"Greffe \u00e0 Sainte Croix VF, session 2023 : une r\u00e9ussite !"},"content":{"rendered":"\t\t<div data-elementor-type=\"wp-post\" data-elementor-id=\"5779\" class=\"elementor elementor-5779\" data-elementor-post-type=\"post\">\n\t\t\t\t\t\t<section class=\"elementor-section elementor-top-section elementor-element elementor-element-2c75cf67 elementor-section-boxed elementor-section-height-default elementor-section-height-default\" data-id=\"2c75cf67\" data-element_type=\"section\">\n\t\t\t\t\t\t<div class=\"elementor-container elementor-column-gap-default\">\n\t\t\t\t\t<div class=\"elementor-column elementor-col-100 elementor-top-column elementor-element elementor-element-142f71ee\" data-id=\"142f71ee\" data-element_type=\"column\">\n\t\t\t<div class=\"elementor-widget-wrap elementor-element-populated\">\n\t\t\t\t\t\t<div class=\"elementor-element elementor-element-406e1e6f elementor-widget elementor-widget-text-editor\" data-id=\"406e1e6f\" data-element_type=\"widget\" data-widget_type=\"text-editor.default\">\n\t\t\t\t<div class=\"elementor-widget-container\">\n\t\t\t\t\t\t\t\t\t<p>C&rsquo;est ce dimanche 12 mars qu&rsquo;une fine \u00e9quipe de Vergers de Loz\u00e8re s&rsquo;est retrouv\u00e9e au fin fond des C\u00e9vennes \u00e0 Sainte Croix Vall\u00e9e Fran\u00e7aise, pour le premier atelier \u00ab\u00a0<em>greffes sur table<\/em>\u00a0\u00bb de l&rsquo;ann\u00e9e 2023 !<\/p>\n<p>En chefs d&rsquo;orchestre, Sabine et Christian ont bien organis\u00e9 les choses : le stand a \u00e9t\u00e9 rapidement mont\u00e9 vers 9h30 avec l&rsquo;aide pr\u00e9cieuse d&rsquo;Anne et S\u00e9bastien, de Yannick qui a amen\u00e9 tous les porte-greffes, de Patrick et Carole, sans oublier Manon qui a greff\u00e9 avec nous pour la premi\u00e8re fois, ce jour-l\u00e0.<\/p>\t\t\t\t\t\t\t\t<\/div>\n\t\t\t\t<\/div>\n\t\t\t\t<div class=\"elementor-element elementor-element-058a89d elementor-widget elementor-widget-image\" data-id=\"058a89d\" data-element_type=\"widget\" data-widget_type=\"image.default\">\n\t\t\t\t<div class=\"elementor-widget-container\">\n\t\t\t\t\t\t\t\t\t\t\t\t\t\t\t<img fetchpriority=\"high\" decoding=\"async\" width=\"768\" height=\"1024\" src=\"https:\/\/vergersdelozere.net\/wp-content\/uploads\/2023\/03\/20230312_VdL_100953_ML-768x1024.jpg\" class=\"attachment-medium_large size-medium_large wp-image-5781\" alt=\"\" srcset=\"https:\/\/vergersdelozere.net\/wp-content\/uploads\/2023\/03\/20230312_VdL_100953_ML-768x1024.jpg 768w, https:\/\/vergersdelozere.net\/wp-content\/uploads\/2023\/03\/20230312_VdL_100953_ML-225x300.jpg 225w, https:\/\/vergersdelozere.net\/wp-content\/uploads\/2023\/03\/20230312_VdL_100953_ML.jpg 825w\" sizes=\"(max-width: 768px) 100vw, 768px\" \/>\t\t\t\t\t\t\t\t\t\t\t\t\t\t\t<\/div>\n\t\t\t\t<\/div>\n\t\t\t\t<div class=\"elementor-element elementor-element-6dcd3b5 elementor-widget elementor-widget-text-editor\" data-id=\"6dcd3b5\" data-element_type=\"widget\" data-widget_type=\"text-editor.default\">\n\t\t\t\t<div class=\"elementor-widget-container\">\n\t\t\t\t\t\t\t\t\t<p><span style=\"font-size: 24px;\">Pendant que quelques-uns greffaient, Christian et S\u00e9bastien assuraient une formation pratique \u00e0 la greffe \u00e0 l\u2019anglaise compliqu\u00e9e \u00e0 plus d&rsquo;une dizaine de personnes !\u00a0<\/span><\/p><p><span style=\"font-size: 24px;\">Une exp\u00e9rience qui fut tr\u00e8s r\u00e9ussie et qui sera \u00e0 renouveler.<\/span><\/p>\t\t\t\t\t\t\t\t<\/div>\n\t\t\t\t<\/div>\n\t\t\t\t<div class=\"elementor-element elementor-element-c67f9f4 elementor-widget elementor-widget-image\" data-id=\"c67f9f4\" data-element_type=\"widget\" data-widget_type=\"image.default\">\n\t\t\t\t<div class=\"elementor-widget-container\">\n\t\t\t\t\t\t\t\t\t\t\t\t\t\t\t<img decoding=\"async\" width=\"768\" height=\"1024\" src=\"https:\/\/vergersdelozere.net\/wp-content\/uploads\/2023\/03\/20230312_VdL_104715_ML-768x1024.jpg\" class=\"attachment-medium_large size-medium_large wp-image-5782\" alt=\"Christian montre les gestes de la greffe.\" srcset=\"https:\/\/vergersdelozere.net\/wp-content\/uploads\/2023\/03\/20230312_VdL_104715_ML-768x1024.jpg 768w, https:\/\/vergersdelozere.net\/wp-content\/uploads\/2023\/03\/20230312_VdL_104715_ML-225x300.jpg 225w, https:\/\/vergersdelozere.net\/wp-content\/uploads\/2023\/03\/20230312_VdL_104715_ML.jpg 825w\" sizes=\"(max-width: 768px) 100vw, 768px\" \/>\t\t\t\t\t\t\t\t\t\t\t\t\t\t\t<\/div>\n\t\t\t\t<\/div>\n\t\t\t\t<div class=\"elementor-element elementor-element-0c37c6c elementor-widget elementor-widget-text-editor\" data-id=\"0c37c6c\" data-element_type=\"widget\" data-widget_type=\"text-editor.default\">\n\t\t\t\t<div class=\"elementor-widget-container\">\n\t\t\t\t\t\t\t\t\t<p><span style=\"font-size: 24px;\">De tr\u00e8s nombreuses personnes se sont arr\u00eat\u00e9es devant notre stand pour y prendre des renseignements, se procurer des arbres greff\u00e9s par nos soins, ou simplement se procurer des porte-greffes ou des greffons.<\/span><br><\/p>\n<p>Les \u00e9changes furent chaleureux, int\u00e9ressants et nous n&rsquo;avons ainsi pas vu passer la matin\u00e9e&#8230; Il faut dire qu\u2019\u00e0 Sainte Croix, elle commence vers 11h30 et prend fin vers 13h00, quand tout le monde se retrouve au caf\u00e9 pour y boire un coup, jouer de la guitare ou aux \u00e9checs, dans une ambiance tr\u00e8s conviviale et familiale.<\/p>\n<p>Le temps fut aussi cl\u00e9ment et le soleil nous a fait beaucoup de bien, nous permettant de pique-niquer dehors pr\u00e8s de la mairie, au grand air, apr\u00e8s ce premier atelier tr\u00e8s r\u00e9ussi.<\/p>\n<p>Encore merci \u00e0 Christian pour l&rsquo;excellente organisation de cette belle journ\u00e9e !<\/p>\t\t\t\t\t\t\t\t<\/div>\n\t\t\t\t<\/div>\n\t\t\t\t<div class=\"elementor-element elementor-element-1ba6c4e elementor-widget elementor-widget-text-editor\" data-id=\"1ba6c4e\" data-element_type=\"widget\" data-widget_type=\"text-editor.default\">\n\t\t\t\t<div class=\"elementor-widget-container\">\n\t\t\t\t\t\t\t\t\t<p style=\"text-align: right;\">Yannick Mourgues&nbsp;<\/p>\t\t\t\t\t\t\t\t<\/div>\n\t\t\t\t<\/div>\n\t\t\t\t\t<\/div>\n\t\t<\/div>\n\t\t\t\t\t<\/div>\n\t\t<\/section>\n\t\t\t\t<\/div>\n\t\t","protected":false},"excerpt":{"rendered":"<p>C&rsquo;est ce dimanche 12 mars qu&rsquo;une fine \u00e9quipe de Vergers de Loz\u00e8re s&rsquo;est retrouv\u00e9e au fin fond des C\u00e9vennes \u00e0 Sainte Croix Vall\u00e9e Fran\u00e7aise, pour le premier atelier \u00ab\u00a0greffes sur table\u00a0\u00bb de l&rsquo;ann\u00e9e 2023 ! En chefs d&rsquo;orchestre, Sabine et Christian ont bien organis\u00e9 les choses : le stand a \u00e9t\u00e9 rapidement mont\u00e9 vers 9h30 [&hellip;]<\/p>\n","protected":false},"author":1,"featured_media":5781,"comment_status":"open","ping_status":"open","sticky":false,"template":"","format":"standard","meta":{"_acf_changed":false,"ocean_post_layout":"","ocean_both_sidebars_style":"","ocean_both_sidebars_content_width":0,"ocean_both_sidebars_sidebars_width":0,"ocean_sidebar":"0","ocean_second_sidebar":"0","ocean_disable_margins":"enable","ocean_add_body_class":"","ocean_shortcode_before_top_bar":"","ocean_shortcode_after_top_bar":"","ocean_shortcode_before_header":"","ocean_shortcode_after_header":"","ocean_has_shortcode":"","ocean_shortcode_after_title":"","ocean_shortcode_before_footer_widgets":"","ocean_shortcode_after_footer_widgets":"","ocean_shortcode_before_footer_bottom":"","ocean_shortcode_after_footer_bottom":"","ocean_display_top_bar":"default","ocean_display_header":"default","ocean_header_style":"","ocean_center_header_left_menu":"0","ocean_custom_header_template":"0","ocean_custom_logo":0,"ocean_custom_retina_logo":0,"ocean_custom_logo_max_width":0,"ocean_custom_logo_tablet_max_width":0,"ocean_custom_logo_mobile_max_width":0,"ocean_custom_logo_max_height":0,"ocean_custom_logo_tablet_max_height":0,"ocean_custom_logo_mobile_max_height":0,"ocean_header_custom_menu":"0","ocean_menu_typo_font_family":"0","ocean_menu_typo_font_subset":"","ocean_menu_typo_font_size":0,"ocean_menu_typo_font_size_tablet":0,"ocean_menu_typo_font_size_mobile":0,"ocean_menu_typo_font_size_unit":"px","ocean_menu_typo_font_weight":"","ocean_menu_typo_font_weight_tablet":"","ocean_menu_typo_font_weight_mobile":"","ocean_menu_typo_transform":"","ocean_menu_typo_transform_tablet":"","ocean_menu_typo_transform_mobile":"","ocean_menu_typo_line_height":0,"ocean_menu_typo_line_height_tablet":0,"ocean_menu_typo_line_height_mobile":0,"ocean_menu_typo_line_height_unit":"","ocean_menu_typo_spacing":0,"ocean_menu_typo_spacing_tablet":0,"ocean_menu_typo_spacing_mobile":0,"ocean_menu_typo_spacing_unit":"","ocean_menu_link_color":"","ocean_menu_link_color_hover":"","ocean_menu_link_color_active":"","ocean_menu_link_background":"","ocean_menu_link_hover_background":"","ocean_menu_link_active_background":"","ocean_menu_social_links_bg":"","ocean_menu_social_hover_links_bg":"","ocean_menu_social_links_color":"","ocean_menu_social_hover_links_color":"","ocean_disable_title":"default","ocean_disable_heading":"default","ocean_post_title":"","ocean_post_subheading":"","ocean_post_title_style":"","ocean_post_title_background_color":"","ocean_post_title_background":0,"ocean_post_title_bg_image_position":"","ocean_post_title_bg_image_attachment":"","ocean_post_title_bg_image_repeat":"","ocean_post_title_bg_image_size":"","ocean_post_title_height":0,"ocean_post_title_bg_overlay":0.5,"ocean_post_title_bg_overlay_color":"","ocean_disable_breadcrumbs":"default","ocean_breadcrumbs_color":"","ocean_breadcrumbs_separator_color":"","ocean_breadcrumbs_links_color":"","ocean_breadcrumbs_links_hover_color":"","ocean_display_footer_widgets":"default","ocean_display_footer_bottom":"default","ocean_custom_footer_template":"0","ocean_post_oembed":"","ocean_post_self_hosted_media":"","ocean_post_video_embed":"","ocean_link_format":"","ocean_link_format_target":"self","ocean_quote_format":"","ocean_quote_format_link":"post","ocean_gallery_link_images":"off","ocean_gallery_id":[],"footnotes":""},"categories":[16,19,17,43,51,41],"tags":[],"class_list":["post-5779","post","type-post","status-publish","format-standard","has-post-thumbnail","hentry","category-actions","category-animations-actions","category-formation","category-greffer","category-retour-sur","category-stand","entry","has-media"],"acf":[],"_links":{"self":[{"href":"https:\/\/vergersdelozere.net\/index.php\/wp-json\/wp\/v2\/posts\/5779"}],"collection":[{"href":"https:\/\/vergersdelozere.net\/index.php\/wp-json\/wp\/v2\/posts"}],"about":[{"href":"https:\/\/vergersdelozere.net\/index.php\/wp-json\/wp\/v2\/types\/post"}],"author":[{"embeddable":true,"href":"https:\/\/vergersdelozere.net\/index.php\/wp-json\/wp\/v2\/users\/1"}],"replies":[{"embeddable":true,"href":"https:\/\/vergersdelozere.net\/index.php\/wp-json\/wp\/v2\/comments?post=5779"}],"version-history":[{"count":13,"href":"https:\/\/vergersdelozere.net\/index.php\/wp-json\/wp\/v2\/posts\/5779\/revisions"}],"predecessor-version":[{"id":5796,"href":"https:\/\/vergersdelozere.net\/index.php\/wp-json\/wp\/v2\/posts\/5779\/revisions\/5796"}],"wp:featuredmedia":[{"embeddable":true,"href":"https:\/\/vergersdelozere.net\/index.php\/wp-json\/wp\/v2\/media\/5781"}],"wp:attachment":[{"href":"https:\/\/vergersdelozere.net\/index.php\/wp-json\/wp\/v2\/media?parent=5779"}],"wp:term":[{"taxonomy":"category","embeddable":true,"href":"https:\/\/vergersdelozere.net\/index.php\/wp-json\/wp\/v2\/categories?post=5779"},{"taxonomy":"post_tag","embeddable":true,"href":"https:\/\/vergersdelozere.net\/index.php\/wp-json\/wp\/v2\/tags?post=5779"}],"curies":[{"name":"wp","href":"https:\/\/api.w.org\/{rel}","templated":true}]}}