{"id":5035,"date":"2022-09-05T20:01:35","date_gmt":"2022-09-05T18:01:35","guid":{"rendered":"https:\/\/vergersdelozere.net\/?p=5035"},"modified":"2022-09-14T12:40:29","modified_gmt":"2022-09-14T10:40:29","slug":"retour-sur-la-taille-en-vert-au-verger-de-yannick","status":"publish","type":"post","link":"https:\/\/vergersdelozere.net\/index.php\/2022\/09\/05\/retour-sur-la-taille-en-vert-au-verger-de-yannick\/","title":{"rendered":"Retour sur la Taille en Vert au Verger de Yannick"},"content":{"rendered":"\t\t<div data-elementor-type=\"wp-post\" data-elementor-id=\"5035\" class=\"elementor elementor-5035\" data-elementor-post-type=\"post\">\n\t\t\t\t\t\t<section class=\"elementor-section elementor-top-section elementor-element elementor-element-28809b1f elementor-section-boxed elementor-section-height-default elementor-section-height-default\" data-id=\"28809b1f\" data-element_type=\"section\">\n\t\t\t\t\t\t<div class=\"elementor-container elementor-column-gap-default\">\n\t\t\t\t\t<div class=\"elementor-column elementor-col-100 elementor-top-column elementor-element elementor-element-e717cc0\" data-id=\"e717cc0\" data-element_type=\"column\">\n\t\t\t<div class=\"elementor-widget-wrap elementor-element-populated\">\n\t\t\t\t\t\t<div class=\"elementor-element elementor-element-4828285 elementor-widget elementor-widget-text-editor\" data-id=\"4828285\" data-element_type=\"widget\" data-widget_type=\"text-editor.default\">\n\t\t\t\t<div class=\"elementor-widget-container\">\n\t\t\t\t\t\t\t\t\t<p>Le 10 juillet, le tr\u00e8s beau verger de Yannick \u00e9t\u00e9 le cadre d&rsquo;une animation sur le th\u00e8me de la taille en vert et de l&rsquo;\u00e9claircissage. Sous la chaleur accablante de ce d\u00e9but juillet, le nombre des participants \u00e9tait plus modeste qu&rsquo;\u00e0 l\u2019accoutum\u00e9e. Le moment n&rsquo;en fut pas moins convivial, se terminant encore une fois autour d&rsquo;un copieux banquet, digne d&rsquo;une case finale d\u2019une BD d&rsquo;Ast\u00e9rix, et pouvant sustenter plus d&rsquo;un Ob\u00e9lix !<\/p>\t\t\t\t\t\t\t\t<\/div>\n\t\t\t\t<\/div>\n\t\t\t\t<div class=\"elementor-element elementor-element-e43b9c7 elementor-widget elementor-widget-text-editor\" data-id=\"e43b9c7\" data-element_type=\"widget\" data-widget_type=\"text-editor.default\">\n\t\t\t\t<div class=\"elementor-widget-container\">\n\t\t\t\t\t\t\t\t\t<p>Mais ne nous trompons pas, le plat de\u00a0r\u00e9sistance du matin \u00e9tait bien le moment de formation sur les gestes arboricoles que l&rsquo;on peut effectuer &lsquo;en vert&rsquo;, c&rsquo;est \u00e0 dire au moment o\u00f9 les pousses de l&rsquo;ann\u00e9e ne sont pas encore ao\u00fbt\u00e9es et que le grossissement des fruits est tout juste entam\u00e9, apr\u00e8s la nouaison. Certains \u00e9tant plus renseign\u00e9s que d&rsquo;autres, Jacky exposait les fondements de ces pratiques, souvent ignor\u00e9es du grand public, en joignant le geste \u00e0 la parole. La compr\u00e9hension des courants de s\u00e8ves est primordiale : la s\u00e8ve brute, constitu\u00e9e d&rsquo;eau et de quelques oligo-\u00e9l\u00e9ments monte jusqu&rsquo;aux feuillage et est ensuite enrichie en sucres gr\u00e2ce \u00e0 la photosynth\u00e8se et devient de la s\u00e8ve \u00e9labor\u00e9e qui va \u00ab\u00a0nourrir\u00a0\u00bb toutes les parties du v\u00e9g\u00e9tal. Lorsqu&rsquo;on pratique la taille, il faut toujours penser que c&rsquo;est nous m\u00eame qui influen\u00e7ons ces courants de s\u00e8ve et ainsi nous agissons sur les parties \u00e0 privil\u00e9gier. Les participants se sont ensuite \u00e9parpill\u00e9s en bin\u00f4mes pour mettre en pratique ces enseignements autour des arbres mis \u00e0 disposition par l&rsquo;h\u00f4te dans son magnifique terrain de jeux.<\/p>\t\t\t\t\t\t\t\t<\/div>\n\t\t\t\t<\/div>\n\t\t\t\t<div class=\"elementor-element elementor-element-9e129fa elementor-widget elementor-widget-text-editor\" data-id=\"9e129fa\" data-element_type=\"widget\" data-widget_type=\"text-editor.default\">\n\t\t\t\t<div class=\"elementor-widget-container\">\n\t\t\t\t\t\t\t\t\t<p>La taille des fruitiers ne s&rsquo;effectue pas seulement en hiver. Les interventions de fin juin (ou d\u00e9but juillet selon les r\u00e9gions ou l&rsquo;altitude) ont plusieurs avantages : acc\u00e9l\u00e9ration de la mise \u00e0 fruit, rapprochement de la zone de fructification des axes principaux et des flux de s\u00e8ve, concentration de la distribution de la s\u00e8ve \u00e9labor\u00e9e vers les fruits, vers les rameaux ainsi favoris\u00e9s et le syst\u00e8me racinaire&#8230; Si la photosynth\u00e8se a quelque peu diminu\u00e9, l&rsquo;arbre ne d\u00e9pense pas l&rsquo;essentiel de son \u00e9nergie \u00e0 la croissance de sa ramure. Ainsi, plus de sucre sera amen\u00e9 vers les fruits en d\u00e9veloppement, dont le nombre aura \u00e9t\u00e9 limit\u00e9 par l&rsquo;\u00e9claircissage. Les fruits re\u00e7oivent plus de soleil et murissent mieux. De plus, les coupes effectu\u00e9es sont de petite section, sur des tissus non lignifi\u00e9s, qui cicatrisent vite gr\u00e2ce \u00e0 l&rsquo;activit\u00e9 de la s\u00e8ve dans une p\u00e9riode estivale o\u00f9 les maladies li\u00e9es \u00e0 l&rsquo;humidit\u00e9 (fongiques essentiellement) sont moins pr\u00e9gnantes. Les rameaux \u00e9limin\u00e9s, parfois au couteau sans m\u00eame n\u00e9cessiter le s\u00e9cateur, peuvent \u00eatre facilement compost\u00e9s sans n\u00e9cessiter l&rsquo;action du broyeur, ou la constitution de tas encombrants.<\/p>\t\t\t\t\t\t\t\t<\/div>\n\t\t\t\t<\/div>\n\t\t\t\t<div class=\"elementor-element elementor-element-6b049c5 elementor-widget elementor-widget-text-editor\" data-id=\"6b049c5\" data-element_type=\"widget\" data-widget_type=\"text-editor.default\">\n\t\t\t\t<div class=\"elementor-widget-container\">\n\t\t\t\t\t\t\t\t\t<p>L\u2019op\u00e9ration d\u2019\u00e9claircissement, qui peut s\u2019effectuer dans le m\u00eame moment, consiste \u00e0 diminuer le nombre de fruits sur un rameau fructif\u00e8re, et le nombre des fruits total des fruits port\u00e9s par l&rsquo;arbre. Une bonne pratique consiste \u00e0 ne laisser qu&rsquo;un ou deux fruits par bouquet. Cette action pr\u00e9sente plusieurs avantages : \u00e0 maturit\u00e9 les fruits sont plus gros, plus sucr\u00e9s. Leur masse est mieux r\u00e9partie sur les organes fructif\u00e8res, ce qui peut\u00a0permettre\u00a0parfois d&rsquo;\u00e9viter la casse. On pr\u00e9l\u00e8ve les fruits mal form\u00e9s, mal plac\u00e9s et ceux qui sont d\u00e9j\u00e0 touch\u00e9s par quelque ravageur, dont le Carpocapse n&rsquo;est pas des moindres. On l&rsquo;appelle aussi ver des fruits et c&rsquo;est la larve d&rsquo;un papillon nocturne.<\/p>\t\t\t\t\t\t\t\t<\/div>\n\t\t\t\t<\/div>\n\t\t\t\t<div class=\"elementor-element elementor-element-a6d5290 elementor-widget elementor-widget-text-editor\" data-id=\"a6d5290\" data-element_type=\"widget\" data-widget_type=\"text-editor.default\">\n\t\t\t\t<div class=\"elementor-widget-container\">\n\t\t\t\t\t\t\t\t\t<p>En marge de ces moments toujours enrichissants, Yannick nous a propos\u00e9, en dessert, la d\u00e9gustation d&rsquo;une salade m\u00e9lang\u00e9e de toutes sortes de petits fruits de sa collection bien achaland\u00e9e. Ce fut pour l\u2019auteur de ces lignes, l\u2019occasion de d\u00e9couvrir\u00a0plusieurs vari\u00e9t\u00e9s\u00a0de merveilleuses groseilles blanches, presque d\u00e9pourvues d\u2019acidit\u00e9\u00a0et, dans un autre registre, d\u2019\u00eatre d\u00e9sormais capable de\u00a0distinguer dans les cieux le Milan noir du Milan royal.<\/p><p>Un bien bel opus des rencontres de Vergers de Loz\u00e8re !<\/p>\t\t\t\t\t\t\t\t<\/div>\n\t\t\t\t<\/div>\n\t\t\t\t<div class=\"elementor-element elementor-element-58969cd elementor-widget elementor-widget-text-editor\" data-id=\"58969cd\" data-element_type=\"widget\" data-widget_type=\"text-editor.default\">\n\t\t\t\t<div class=\"elementor-widget-container\">\n\t\t\t\t\t\t\t\t\t<p style=\"text-align: right;\">Patrick Maurin, et Jacky Brard, pour les amendements.<\/p>\t\t\t\t\t\t\t\t<\/div>\n\t\t\t\t<\/div>\n\t\t\t\t\t<\/div>\n\t\t<\/div>\n\t\t\t\t\t<\/div>\n\t\t<\/section>\n\t\t\t\t<\/div>\n\t\t","protected":false},"excerpt":{"rendered":"<p>Le 10 juillet, le tr\u00e8s beau verger de Yannick \u00e9t\u00e9 le cadre d&rsquo;une animation sur le th\u00e8me de la taille en vert et de l&rsquo;\u00e9claircissage. Sous la chaleur accablante de ce d\u00e9but juillet, le nombre des participants \u00e9tait plus modeste qu&rsquo;\u00e0 l\u2019accoutum\u00e9e. Le moment n&rsquo;en fut pas moins convivial, se terminant encore une fois autour [&hellip;]<\/p>\n","protected":false},"author":1,"featured_media":5047,"comment_status":"open","ping_status":"open","sticky":false,"template":"","format":"standard","meta":{"_acf_changed":false,"ocean_post_layout":"","ocean_both_sidebars_style":"","ocean_both_sidebars_content_width":0,"ocean_both_sidebars_sidebars_width":0,"ocean_sidebar":"0","ocean_second_sidebar":"0","ocean_disable_margins":"enable","ocean_add_body_class":"","ocean_shortcode_before_top_bar":"","ocean_shortcode_after_top_bar":"","ocean_shortcode_before_header":"","ocean_shortcode_after_header":"","ocean_has_shortcode":"","ocean_shortcode_after_title":"","ocean_shortcode_before_footer_widgets":"","ocean_shortcode_after_footer_widgets":"","ocean_shortcode_before_footer_bottom":"","ocean_shortcode_after_footer_bottom":"","ocean_display_top_bar":"default","ocean_display_header":"default","ocean_header_style":"","ocean_center_header_left_menu":"0","ocean_custom_header_template":"0","ocean_custom_logo":0,"ocean_custom_retina_logo":0,"ocean_custom_logo_max_width":0,"ocean_custom_logo_tablet_max_width":0,"ocean_custom_logo_mobile_max_width":0,"ocean_custom_logo_max_height":0,"ocean_custom_logo_tablet_max_height":0,"ocean_custom_logo_mobile_max_height":0,"ocean_header_custom_menu":"0","ocean_menu_typo_font_family":"0","ocean_menu_typo_font_subset":"","ocean_menu_typo_font_size":0,"ocean_menu_typo_font_size_tablet":0,"ocean_menu_typo_font_size_mobile":0,"ocean_menu_typo_font_size_unit":"px","ocean_menu_typo_font_weight":"","ocean_menu_typo_font_weight_tablet":"","ocean_menu_typo_font_weight_mobile":"","ocean_menu_typo_transform":"","ocean_menu_typo_transform_tablet":"","ocean_menu_typo_transform_mobile":"","ocean_menu_typo_line_height":0,"ocean_menu_typo_line_height_tablet":0,"ocean_menu_typo_line_height_mobile":0,"ocean_menu_typo_line_height_unit":"","ocean_menu_typo_spacing":0,"ocean_menu_typo_spacing_tablet":0,"ocean_menu_typo_spacing_mobile":0,"ocean_menu_typo_spacing_unit":"","ocean_menu_link_color":"","ocean_menu_link_color_hover":"","ocean_menu_link_color_active":"","ocean_menu_link_background":"","ocean_menu_link_hover_background":"","ocean_menu_link_active_background":"","ocean_menu_social_links_bg":"","ocean_menu_social_hover_links_bg":"","ocean_menu_social_links_color":"","ocean_menu_social_hover_links_color":"","ocean_disable_title":"default","ocean_disable_heading":"default","ocean_post_title":"","ocean_post_subheading":"","ocean_post_title_style":"","ocean_post_title_background_color":"","ocean_post_title_background":0,"ocean_post_title_bg_image_position":"","ocean_post_title_bg_image_attachment":"","ocean_post_title_bg_image_repeat":"","ocean_post_title_bg_image_size":"","ocean_post_title_height":0,"ocean_post_title_bg_overlay":0.5,"ocean_post_title_bg_overlay_color":"","ocean_disable_breadcrumbs":"default","ocean_breadcrumbs_color":"","ocean_breadcrumbs_separator_color":"","ocean_breadcrumbs_links_color":"","ocean_breadcrumbs_links_hover_color":"","ocean_display_footer_widgets":"default","ocean_display_footer_bottom":"default","ocean_custom_footer_template":"0","ocean_post_oembed":"","ocean_post_self_hosted_media":"","ocean_post_video_embed":"","ocean_link_format":"","ocean_link_format_target":"self","ocean_quote_format":"","ocean_quote_format_link":"post","ocean_gallery_link_images":"off","ocean_gallery_id":[],"footnotes":""},"categories":[16,37,48,35,17,44],"tags":[],"class_list":["post-5035","post","type-post","status-publish","format-standard","has-post-thumbnail","hentry","category-actions","category-arboriculture-faire","category-eclaircir","category-faire","category-formation","category-tailler","entry","has-media"],"acf":[],"_links":{"self":[{"href":"https:\/\/vergersdelozere.net\/index.php\/wp-json\/wp\/v2\/posts\/5035"}],"collection":[{"href":"https:\/\/vergersdelozere.net\/index.php\/wp-json\/wp\/v2\/posts"}],"about":[{"href":"https:\/\/vergersdelozere.net\/index.php\/wp-json\/wp\/v2\/types\/post"}],"author":[{"embeddable":true,"href":"https:\/\/vergersdelozere.net\/index.php\/wp-json\/wp\/v2\/users\/1"}],"replies":[{"embeddable":true,"href":"https:\/\/vergersdelozere.net\/index.php\/wp-json\/wp\/v2\/comments?post=5035"}],"version-history":[{"count":11,"href":"https:\/\/vergersdelozere.net\/index.php\/wp-json\/wp\/v2\/posts\/5035\/revisions"}],"predecessor-version":[{"id":5048,"href":"https:\/\/vergersdelozere.net\/index.php\/wp-json\/wp\/v2\/posts\/5035\/revisions\/5048"}],"wp:featuredmedia":[{"embeddable":true,"href":"https:\/\/vergersdelozere.net\/index.php\/wp-json\/wp\/v2\/media\/5047"}],"wp:attachment":[{"href":"https:\/\/vergersdelozere.net\/index.php\/wp-json\/wp\/v2\/media?parent=5035"}],"wp:term":[{"taxonomy":"category","embeddable":true,"href":"https:\/\/vergersdelozere.net\/index.php\/wp-json\/wp\/v2\/categories?post=5035"},{"taxonomy":"post_tag","embeddable":true,"href":"https:\/\/vergersdelozere.net\/index.php\/wp-json\/wp\/v2\/tags?post=5035"}],"curies":[{"name":"wp","href":"https:\/\/api.w.org\/{rel}","templated":true}]}}