{"id":4975,"date":"2022-07-31T10:50:39","date_gmt":"2022-07-31T08:50:39","guid":{"rendered":"https:\/\/vergersdelozere.net\/?p=4975"},"modified":"2022-09-08T09:02:44","modified_gmt":"2022-09-08T07:02:44","slug":"25-aout-2022-ventajols-un-lieu-des-visages","status":"publish","type":"post","link":"https:\/\/vergersdelozere.net\/index.php\/2022\/07\/31\/25-aout-2022-ventajols-un-lieu-des-visages\/","title":{"rendered":"25 ao\u00fbt 2022 : Ventajols : un lieu, des visages"},"content":{"rendered":"\t\t<div data-elementor-type=\"wp-post\" data-elementor-id=\"4975\" class=\"elementor elementor-4975\" data-elementor-post-type=\"post\">\n\t\t\t\t\t\t<section class=\"elementor-section elementor-top-section elementor-element elementor-element-7562ebc elementor-section-boxed elementor-section-height-default elementor-section-height-default\" data-id=\"7562ebc\" data-element_type=\"section\">\n\t\t\t\t\t\t<div class=\"elementor-container elementor-column-gap-default\">\n\t\t\t\t\t<div class=\"elementor-column elementor-col-100 elementor-top-column elementor-element elementor-element-5c29e0ea\" data-id=\"5c29e0ea\" data-element_type=\"column\">\n\t\t\t<div class=\"elementor-widget-wrap elementor-element-populated\">\n\t\t\t\t\t\t<div class=\"elementor-element elementor-element-93baca2 elementor-widget elementor-widget-heading\" data-id=\"93baca2\" data-element_type=\"widget\" data-widget_type=\"heading.default\">\n\t\t\t\t<div class=\"elementor-widget-container\">\n\t\t\t\t\t<h3 class=\"elementor-heading-title elementor-size-default\">Un RDV propos\u00e9 par le Parc national des C\u00e9vennes, en partenariat avec Vergers de Loz\u00e8re<\/h3>\t\t\t\t<\/div>\n\t\t\t\t<\/div>\n\t\t\t\t<div class=\"elementor-element elementor-element-7ebf2346 elementor-widget elementor-widget-text-editor\" data-id=\"7ebf2346\" data-element_type=\"widget\" data-widget_type=\"text-editor.default\">\n\t\t\t\t<div class=\"elementor-widget-container\">\n\t\t\t\t\t\t\t\t\t<div id=\"details_preview_ref\"><div id=\"details_preview\"><div id=\"details_infoIcons\"><div role=\"tooltip\" aria-describedby=\"tooltip-425teoq\"><div>le 25\/08\/2022\u00a0\u00e0 14:30:00 &#8211; Dur\u00e9e 2h30<\/div><\/div><div role=\"tooltip\" aria-describedby=\"tooltip-5kueo85\"><div>Lieu : Parking du verger de Ventajols.<\/div><div>Depuis la N106, entre Florac et Saint Julien d\u2019Arpaon, prendre la direction Ventajols.<span style=\"font-size: 18px;\">\u00a0\u00a0<\/span><\/div><\/div><\/div><\/div><\/div>\t\t\t\t\t\t\t\t<\/div>\n\t\t\t\t<\/div>\n\t\t\t\t<div class=\"elementor-element elementor-element-14d22b2 elementor-widget elementor-widget-spacer\" data-id=\"14d22b2\" data-element_type=\"widget\" data-widget_type=\"spacer.default\">\n\t\t\t\t<div class=\"elementor-widget-container\">\n\t\t\t\t\t\t\t<div class=\"elementor-spacer\">\n\t\t\t<div class=\"elementor-spacer-inner\"><\/div>\n\t\t<\/div>\n\t\t\t\t\t\t<\/div>\n\t\t\t\t<\/div>\n\t\t\t\t<div class=\"elementor-element elementor-element-ba4f5f4 elementor-widget elementor-widget-text-editor\" data-id=\"ba4f5f4\" data-element_type=\"widget\" data-widget_type=\"text-editor.default\">\n\t\t\t\t<div class=\"elementor-widget-container\">\n\t\t\t\t\t\t\t\t\t<div id=\"details_preview_ref\"><div id=\"details_preview\"><div id=\"details_infoIcons\"><div role=\"tooltip\" aria-describedby=\"tooltip-425teoq\"><div>Le verger de Ventajols et ses abords ont vu \u00e9merger au fil du temps des exp\u00e9rimentations sur la for\u00eat, la r\u00e9introduction d\u2019esp\u00e8ces, l\u2019installation d\u2019un verger m\u00ealant de nombreuses vari\u00e9t\u00e9s locales et d\u2019autres sujets au c\u0153ur de l\u2019histoire du Parc national. Au-del\u00e0 de la d\u00e9couverte des vari\u00e9t\u00e9s fruiti\u00e8res, histoires et devenir du site vous seront d\u00e9voil\u00e9s lors de cette rencontre. Et si vous poss\u00e9dez ou souhaitez acqu\u00e9rir des arbres fruitiers, quelques conseils pourraient aussi vous \u00eatre propos\u00e9s.<\/div><\/div><\/div><\/div><\/div>\t\t\t\t\t\t\t\t<\/div>\n\t\t\t\t<\/div>\n\t\t\t\t<div class=\"elementor-element elementor-element-02743c2 elementor-widget elementor-widget-spacer\" data-id=\"02743c2\" data-element_type=\"widget\" data-widget_type=\"spacer.default\">\n\t\t\t\t<div class=\"elementor-widget-container\">\n\t\t\t\t\t\t\t<div class=\"elementor-spacer\">\n\t\t\t<div class=\"elementor-spacer-inner\"><\/div>\n\t\t<\/div>\n\t\t\t\t\t\t<\/div>\n\t\t\t\t<\/div>\n\t\t\t\t<div class=\"elementor-element elementor-element-269dc7a elementor-widget elementor-widget-text-editor\" data-id=\"269dc7a\" data-element_type=\"widget\" data-widget_type=\"text-editor.default\">\n\t\t\t\t<div class=\"elementor-widget-container\">\n\t\t\t\t\t\t\t\t\t<div>\n<div>\n<div>\n<div role=\"tooltip\" aria-describedby=\"tooltip-425teoq\">\n<div>Description :<\/div>\n<\/div>\n<\/div>\n<\/div>\n<\/div>\n<div>\n<div>\n<div>\n<div>Plusieurs partenaires se mobilisent pour vous faire d\u00e9couvrir le petit \u00e9crin de Ventajols, t\u00e9moignage de nombreuses actions men\u00e9es par le Parc national : l\u2019association Verger de Loz\u00e8re, en pr\u00e9sence de Sabine Rauzier, pomologue et de Jacky Brard, r\u00e9f\u00e9rent technique, Alain Ausset, agent du Parc national \u00e0 la retraite qui a beaucoup \u0153uvr\u00e9 dans l\u2019enceinte de Ventajols. Ensemble, ils vous ouvriront le regard notamment sur la diversit\u00e9 des vari\u00e9t\u00e9s locales et sur l\u2019histoire des lieux.<\/div>\n<\/div>\n<\/div>\n<\/div>\t\t\t\t\t\t\t\t<\/div>\n\t\t\t\t<\/div>\n\t\t\t\t<div class=\"elementor-element elementor-element-aa6f9ed elementor-widget elementor-widget-spacer\" data-id=\"aa6f9ed\" data-element_type=\"widget\" data-widget_type=\"spacer.default\">\n\t\t\t\t<div class=\"elementor-widget-container\">\n\t\t\t\t\t\t\t<div class=\"elementor-spacer\">\n\t\t\t<div class=\"elementor-spacer-inner\"><\/div>\n\t\t<\/div>\n\t\t\t\t\t\t<\/div>\n\t\t\t\t<\/div>\n\t\t\t\t<div class=\"elementor-element elementor-element-8062203 elementor-widget elementor-widget-text-editor\" data-id=\"8062203\" data-element_type=\"widget\" data-widget_type=\"text-editor.default\">\n\t\t\t\t<div class=\"elementor-widget-container\">\n\t\t\t\t\t\t\t\t\t<div id=\"details_preview_ref\"><div id=\"details_preview\"><div id=\"details_infoIcons\"><div role=\"tooltip\" aria-describedby=\"tooltip-425teoq\"><div>Communes travers\u00e9es : Saint-Julien-d&rsquo;Arpaon<\/div><\/div><\/div><\/div><\/div><div><div id=\"details_description\"><p id=\"details_descriptionTitle\">Lieux de renseignement :\u00a0OT Gorges du Tarn Causses C\u00e9vennes : 04 66 45 01 14<\/p><\/div><div><div id=\"details_description\"><p id=\"details_descriptionTitle\">\u00a0<\/p><div id=\"details_descriptionContent\"><div>Accessibilit\u00e9 : facile &#8211;\u00a0Distance : 1 km<\/div><\/div><\/div><\/div><div><div id=\"details_description\"><p id=\"details_descriptionTitle\">Intervenants :\u00a0<\/p><p id=\"details_descriptionTitle\">Laurent B\u00e9lier et Alain Ausset, agents du PnC et Jacky Brard pour Vergers de Loz\u00e8re.<\/p><\/div><\/div><\/div>\t\t\t\t\t\t\t\t<\/div>\n\t\t\t\t<\/div>\n\t\t\t\t\t<\/div>\n\t\t<\/div>\n\t\t\t\t\t<\/div>\n\t\t<\/section>\n\t\t\t\t<\/div>\n\t\t","protected":false},"excerpt":{"rendered":"<p>Un RDV propos\u00e9 par le Parc national des C\u00e9vennes, en partenariat avec Vergers de Loz\u00e8re le 25\/08\/2022\u00a0\u00e0 14:30:00 &#8211; Dur\u00e9e 2h30Lieu : Parking du verger de Ventajols.Depuis la N106, entre Florac et Saint Julien d\u2019Arpaon, prendre la direction Ventajols.\u00a0\u00a0 Le verger de Ventajols et ses abords ont vu \u00e9merger au fil du temps des exp\u00e9rimentations [&hellip;]<\/p>\n","protected":false},"author":1,"featured_media":4979,"comment_status":"open","ping_status":"open","sticky":false,"template":"","format":"standard","meta":{"_acf_changed":false,"ocean_post_layout":"","ocean_both_sidebars_style":"","ocean_both_sidebars_content_width":0,"ocean_both_sidebars_sidebars_width":0,"ocean_sidebar":"0","ocean_second_sidebar":"0","ocean_disable_margins":"enable","ocean_add_body_class":"","ocean_shortcode_before_top_bar":"","ocean_shortcode_after_top_bar":"","ocean_shortcode_before_header":"","ocean_shortcode_after_header":"","ocean_has_shortcode":"","ocean_shortcode_after_title":"","ocean_shortcode_before_footer_widgets":"","ocean_shortcode_after_footer_widgets":"","ocean_shortcode_before_footer_bottom":"","ocean_shortcode_after_footer_bottom":"","ocean_display_top_bar":"default","ocean_display_header":"default","ocean_header_style":"","ocean_center_header_left_menu":"0","ocean_custom_header_template":"0","ocean_custom_logo":0,"ocean_custom_retina_logo":0,"ocean_custom_logo_max_width":0,"ocean_custom_logo_tablet_max_width":0,"ocean_custom_logo_mobile_max_width":0,"ocean_custom_logo_max_height":0,"ocean_custom_logo_tablet_max_height":0,"ocean_custom_logo_mobile_max_height":0,"ocean_header_custom_menu":"0","ocean_menu_typo_font_family":"0","ocean_menu_typo_font_subset":"","ocean_menu_typo_font_size":0,"ocean_menu_typo_font_size_tablet":0,"ocean_menu_typo_font_size_mobile":0,"ocean_menu_typo_font_size_unit":"px","ocean_menu_typo_font_weight":"","ocean_menu_typo_font_weight_tablet":"","ocean_menu_typo_font_weight_mobile":"","ocean_menu_typo_transform":"","ocean_menu_typo_transform_tablet":"","ocean_menu_typo_transform_mobile":"","ocean_menu_typo_line_height":0,"ocean_menu_typo_line_height_tablet":0,"ocean_menu_typo_line_height_mobile":0,"ocean_menu_typo_line_height_unit":"","ocean_menu_typo_spacing":0,"ocean_menu_typo_spacing_tablet":0,"ocean_menu_typo_spacing_mobile":0,"ocean_menu_typo_spacing_unit":"","ocean_menu_link_color":"","ocean_menu_link_color_hover":"","ocean_menu_link_color_active":"","ocean_menu_link_background":"","ocean_menu_link_hover_background":"","ocean_menu_link_active_background":"","ocean_menu_social_links_bg":"","ocean_menu_social_hover_links_bg":"","ocean_menu_social_links_color":"","ocean_menu_social_hover_links_color":"","ocean_disable_title":"default","ocean_disable_heading":"default","ocean_post_title":"","ocean_post_subheading":"","ocean_post_title_style":"","ocean_post_title_background_color":"","ocean_post_title_background":0,"ocean_post_title_bg_image_position":"","ocean_post_title_bg_image_attachment":"","ocean_post_title_bg_image_repeat":"","ocean_post_title_bg_image_size":"","ocean_post_title_height":0,"ocean_post_title_bg_overlay":0.5,"ocean_post_title_bg_overlay_color":"","ocean_disable_breadcrumbs":"default","ocean_breadcrumbs_color":"","ocean_breadcrumbs_separator_color":"","ocean_breadcrumbs_links_color":"","ocean_breadcrumbs_links_hover_color":"","ocean_display_footer_widgets":"default","ocean_display_footer_bottom":"default","ocean_custom_footer_template":"0","ocean_post_oembed":"","ocean_post_self_hosted_media":"","ocean_post_video_embed":"","ocean_link_format":"","ocean_link_format_target":"self","ocean_quote_format":"","ocean_quote_format_link":"post","ocean_gallery_link_images":"off","ocean_gallery_id":[],"footnotes":""},"categories":[16,19,47,45],"tags":[],"class_list":["post-4975","post","type-post","status-publish","format-standard","has-post-thumbnail","hentry","category-actions","category-animations-actions","category-pnc","category-visite","entry","has-media"],"acf":[],"_links":{"self":[{"href":"https:\/\/vergersdelozere.net\/index.php\/wp-json\/wp\/v2\/posts\/4975"}],"collection":[{"href":"https:\/\/vergersdelozere.net\/index.php\/wp-json\/wp\/v2\/posts"}],"about":[{"href":"https:\/\/vergersdelozere.net\/index.php\/wp-json\/wp\/v2\/types\/post"}],"author":[{"embeddable":true,"href":"https:\/\/vergersdelozere.net\/index.php\/wp-json\/wp\/v2\/users\/1"}],"replies":[{"embeddable":true,"href":"https:\/\/vergersdelozere.net\/index.php\/wp-json\/wp\/v2\/comments?post=4975"}],"version-history":[{"count":28,"href":"https:\/\/vergersdelozere.net\/index.php\/wp-json\/wp\/v2\/posts\/4975\/revisions"}],"predecessor-version":[{"id":5025,"href":"https:\/\/vergersdelozere.net\/index.php\/wp-json\/wp\/v2\/posts\/4975\/revisions\/5025"}],"wp:featuredmedia":[{"embeddable":true,"href":"https:\/\/vergersdelozere.net\/index.php\/wp-json\/wp\/v2\/media\/4979"}],"wp:attachment":[{"href":"https:\/\/vergersdelozere.net\/index.php\/wp-json\/wp\/v2\/media?parent=4975"}],"wp:term":[{"taxonomy":"category","embeddable":true,"href":"https:\/\/vergersdelozere.net\/index.php\/wp-json\/wp\/v2\/categories?post=4975"},{"taxonomy":"post_tag","embeddable":true,"href":"https:\/\/vergersdelozere.net\/index.php\/wp-json\/wp\/v2\/tags?post=4975"}],"curies":[{"name":"wp","href":"https:\/\/api.w.org\/{rel}","templated":true}]}}