{"id":4527,"date":"2022-01-07T17:45:45","date_gmt":"2022-01-07T16:45:45","guid":{"rendered":"https:\/\/vergersdelozere.net\/?p=4527"},"modified":"2023-12-16T11:38:03","modified_gmt":"2023-12-16T10:38:03","slug":"creation-du-verger-du-pre-aux-clercs-a-quezac","status":"publish","type":"post","link":"https:\/\/vergersdelozere.net\/index.php\/2022\/01\/07\/creation-du-verger-du-pre-aux-clercs-a-quezac\/","title":{"rendered":"Cr\u00e9ation du \u00ab\u00a0Verger du Pr\u00e9 aux Clercs\u00a0\u00bb \u00e0 Qu\u00e9zac"},"content":{"rendered":"\t\t<div data-elementor-type=\"wp-post\" data-elementor-id=\"4527\" class=\"elementor elementor-4527\" data-elementor-post-type=\"post\">\n\t\t\t\t\t\t<section class=\"elementor-section elementor-top-section elementor-element elementor-element-3f94f59a elementor-section-boxed elementor-section-height-default elementor-section-height-default\" data-id=\"3f94f59a\" data-element_type=\"section\">\n\t\t\t\t\t\t<div class=\"elementor-container elementor-column-gap-default\">\n\t\t\t\t\t<div class=\"elementor-column elementor-col-100 elementor-top-column elementor-element elementor-element-4d436716\" data-id=\"4d436716\" data-element_type=\"column\">\n\t\t\t<div class=\"elementor-widget-wrap elementor-element-populated\">\n\t\t\t\t\t\t<div class=\"elementor-element elementor-element-6460d74 elementor-widget elementor-widget-text-editor\" data-id=\"6460d74\" data-element_type=\"widget\" data-widget_type=\"text-editor.default\">\n\t\t\t\t<div class=\"elementor-widget-container\">\n\t\t\t\t\t\t\t\t\t<p>Malgr\u00e9 une population assez r\u00e9duite (environ 330 habitants), les \u00e9lus du village de Qu\u00e9zac n\u2019h\u00e9sitent pas \u00e0 se lancer dans un projet paysager de grande ampleur. La nouvelle commune \u00ab\u00a0Gorges du Tarn Causses\u00a0\u00bb, associant Sainte Enimie, Qu\u00e9zac et Montbrun, a en effet pour ambition de r\u00e9am\u00e9nager et de mettre en valeur les abords de l\u2019\u00e9glise Notre-Dame de Qu\u00e9zac, remarquable par son porche class\u00e9 monument historique.<\/p><p>Elle fut fortifi\u00e9e au XIV\u00e8me si\u00e8cle \u00e0 l\u2019initiative du pape Urbain V. Qu\u00e9zac est aussi connu pour sa fameuse eau min\u00e9rale gazeuse dont la source se situe sur la commune.<\/p>\t\t\t\t\t\t\t\t<\/div>\n\t\t\t\t<\/div>\n\t\t\t\t<div class=\"elementor-element elementor-element-37aea03 elementor-widget elementor-widget-image\" data-id=\"37aea03\" data-element_type=\"widget\" data-widget_type=\"image.default\">\n\t\t\t\t<div class=\"elementor-widget-container\">\n\t\t\t\t\t\t\t\t\t\t\t\t<figure class=\"wp-caption\">\n\t\t\t\t\t\t\t\t\t\t\t<a href=\"https:\/\/commons.wikimedia.org\/wiki\/File:Quezac-Eglise-ND.jpg\">\n\t\t\t\t\t\t\t<img fetchpriority=\"high\" decoding=\"async\" width=\"768\" height=\"512\" src=\"https:\/\/vergersdelozere.net\/wp-content\/uploads\/2022\/01\/1024px-Quezac-Eglise-ND-768x512.jpg\" class=\"attachment-medium_large size-medium_large wp-image-4529\" alt=\"Eglise Notre-Dame de Qu\u00e9zac (ancienne coll\u00e9giale)\" srcset=\"https:\/\/vergersdelozere.net\/wp-content\/uploads\/2022\/01\/1024px-Quezac-Eglise-ND-768x512.jpg 768w, https:\/\/vergersdelozere.net\/wp-content\/uploads\/2022\/01\/1024px-Quezac-Eglise-ND-300x200.jpg 300w, https:\/\/vergersdelozere.net\/wp-content\/uploads\/2022\/01\/1024px-Quezac-Eglise-ND.jpg 1024w\" sizes=\"(max-width: 768px) 100vw, 768px\" \/>\t\t\t\t\t\t\t\t<\/a>\n\t\t\t\t\t\t\t\t\t\t\t<figcaption class=\"widget-image-caption wp-caption-text\">Eglise Notre-Dame de Qu\u00e9zac (ancienne coll\u00e9giale)<\/figcaption>\n\t\t\t\t\t\t\t\t\t\t<\/figure>\n\t\t\t\t\t\t\t\t\t<\/div>\n\t\t\t\t<\/div>\n\t\t\t\t<div class=\"elementor-element elementor-element-ad2d4f7 elementor-widget elementor-widget-text-editor\" data-id=\"ad2d4f7\" data-element_type=\"widget\" data-widget_type=\"text-editor.default\">\n\t\t\t\t<div class=\"elementor-widget-container\">\n\t\t\t\t\t\t\t\t\t<p>Dans le cadre de cet am\u00e9nagement, les \u00e9lus se sont tourn\u00e9s vers les techniciens du Parc national des C\u00e9vennes et ont sollicit\u00e9 leurs avis autour de l\u2019id\u00e9e de cr\u00e9er un espace convivial, ludique et festif, destin\u00e9 \u00e0 la population, en lieu et place d\u2019une vaste p\u00e2ture appel\u00e9e Pr\u00e9 du Cur\u00e9,&nbsp;entretenue par des moutons connus de tous depuis des ann\u00e9es.<\/p>\n<p>Un pr\u00e9-projet r\u00e9alis\u00e9 par un architecte paysagiste a ainsi vu le jour, en sollicitant l\u2019association \u00ab&nbsp;Vergers de Loz\u00e8re&nbsp;\u00bb par l\u2019interm\u00e9diaire de Sabine Rauzier (choix des vari\u00e9t\u00e9s fruiti\u00e8res propos\u00e9es) et Jacky Brard (aspects essentiellement techniques).<\/p>\n<p>Une premi\u00e8re r\u00e9union de pr\u00e9sentation du projet global a eu lieu en avril, dans les locaux de la mairie de Qu\u00e9zac, regroupant toutes les parties prenantes.<\/p>\n<p>M\u00eame si notre avis a pu \u00eatre pris en compte sur tous les sujets abord\u00e9s, c\u2019est sur la cr\u00e9ation du verger que fut concentr\u00e9e notre attention. Il s\u2019agit d\u2019un verger annexe au Verger de Ventajols (propri\u00e9t\u00e9 du PnC), auquel nous sommes li\u00e9s par une convention afin d\u2019apporter notre expertise sp\u00e9cifique \u00e0 un nouvel am\u00e9nagement plus conforme. Dans ce cadre, et pour obtenir le label \u00ab&nbsp;Verger conservatoire&nbsp;\u00bb le Verger de Ventajols a besoin d\u2019avoir ses vari\u00e9t\u00e9s fruiti\u00e8res cultiv\u00e9es aussi dans un verger annexe.<\/p>\n<p>Nous avons mis \u00e0 profit cette r\u00e9union pour jeter les bases d\u2019une convention tripartite liant la commune Gorges du Tarn Causses, le Parc national des C\u00e9vennes et Vergers de Loz\u00e8re.<\/p>\t\t\t\t\t\t\t\t<\/div>\n\t\t\t\t<\/div>\n\t\t\t\t<div class=\"elementor-element elementor-element-4adab10 elementor-widget elementor-widget-image\" data-id=\"4adab10\" data-element_type=\"widget\" data-widget_type=\"image.default\">\n\t\t\t\t<div class=\"elementor-widget-container\">\n\t\t\t\t\t\t\t\t\t\t\t\t\t\t\t<img decoding=\"async\" width=\"768\" height=\"432\" src=\"https:\/\/vergersdelozere.net\/wp-content\/uploads\/2022\/01\/VdL_Verger_de-Quezac_2543_ML-768x432.jpg\" class=\"attachment-medium_large size-medium_large wp-image-4528\" alt=\"\" srcset=\"https:\/\/vergersdelozere.net\/wp-content\/uploads\/2022\/01\/VdL_Verger_de-Quezac_2543_ML-768x432.jpg 768w, https:\/\/vergersdelozere.net\/wp-content\/uploads\/2022\/01\/VdL_Verger_de-Quezac_2543_ML-300x169.jpg 300w, https:\/\/vergersdelozere.net\/wp-content\/uploads\/2022\/01\/VdL_Verger_de-Quezac_2543_ML-1024x576.jpg 1024w, https:\/\/vergersdelozere.net\/wp-content\/uploads\/2022\/01\/VdL_Verger_de-Quezac_2543_ML.jpg 1100w\" sizes=\"(max-width: 768px) 100vw, 768px\" \/>\t\t\t\t\t\t\t\t\t\t\t\t\t\t\t<\/div>\n\t\t\t\t<\/div>\n\t\t\t\t<div class=\"elementor-element elementor-element-7fb36df9 elementor-widget elementor-widget-text-editor\" data-id=\"7fb36df9\" data-element_type=\"widget\" data-widget_type=\"text-editor.default\">\n\t\t\t\t<div class=\"elementor-widget-container\">\n\t\t\t\t\t\t\t\t\t<p>En octobre nous avons \u00e9t\u00e9 re\u00e7us, ainsi que les \u00e9lus, au Verger de Ventajols afin de faire go\u00fbter quelques vari\u00e9t\u00e9s de pommes et d\u2019imaginer sur place le bonheur de se retrouver au milieu des arbres \u00e0 l\u2019automne. Une r\u00e9union s\u2019ensuivit permettant de peaufiner la convention tripartite en prenant en compte les r\u00e9flexions et observations de chacun.<\/p>\n<p>Cette convention, ensuite \u00e9labor\u00e9e par le PnC, recevra les diverses signatures n\u00e9cessaires pour \u00eatre effective d\u00e8s le 1er janvier 2022, pour une dur\u00e9e de trois ans.<\/p>\n<p>Les d\u00e9lais de r\u00e9alisation des travaux nous permettant de cr\u00e9er ce verger \u00e0 notre id\u00e9e, nous avons propos\u00e9 de commencer par donner la liste des trente-cinq arbres fruitiers le composant, de r\u00e9server des greffons cet hiver, de les faire greffer au printemps sur des porte greffes \u00e0 grand d\u00e9veloppement par Albert Douchy de la P\u00e9pini\u00e8re des Jardins de Grizac, afin de les planter \u00e0 l\u2019automne 2022.<\/p>\n<p>A cet effet, en novembre, des piquets furent implant\u00e9s pr\u00e9cis\u00e9ment aux emplacements des futurs arbres avec les employ\u00e9s communaux. Ceux-ci ayant lou\u00e9 une mini pelle, les fouilles ont pu \u00eatre r\u00e9alis\u00e9es dans la foul\u00e9e, la terre inspect\u00e9e, les tuteurs de deux m\u00e8tres cinquante mis en place et les trous rebouch\u00e9s en disposant la terre arable au fond. Le temps doit permettre le foisonnement de fa\u00e7on \u00e0 ce que le sol soit pr\u00eat \u00e0 accueillir les fruitiers l\u2019ann\u00e9e prochaine.<\/p>\t\t\t\t\t\t\t\t<\/div>\n\t\t\t\t<\/div>\n\t\t\t\t<div class=\"elementor-element elementor-element-9e924d8 elementor-widget elementor-widget-image\" data-id=\"9e924d8\" data-element_type=\"widget\" data-widget_type=\"image.default\">\n\t\t\t\t<div class=\"elementor-widget-container\">\n\t\t\t\t\t\t\t\t\t\t\t\t\t\t\t<img decoding=\"async\" width=\"768\" height=\"512\" src=\"https:\/\/vergersdelozere.net\/wp-content\/uploads\/2022\/01\/VdL20220111_Verger_Quezac-Implantation_JBr_IMG_4580-768x512.jpg\" class=\"attachment-medium_large size-medium_large wp-image-4563\" alt=\"\" srcset=\"https:\/\/vergersdelozere.net\/wp-content\/uploads\/2022\/01\/VdL20220111_Verger_Quezac-Implantation_JBr_IMG_4580-768x512.jpg 768w, https:\/\/vergersdelozere.net\/wp-content\/uploads\/2022\/01\/VdL20220111_Verger_Quezac-Implantation_JBr_IMG_4580-300x200.jpg 300w, https:\/\/vergersdelozere.net\/wp-content\/uploads\/2022\/01\/VdL20220111_Verger_Quezac-Implantation_JBr_IMG_4580-1024x682.jpg 1024w, https:\/\/vergersdelozere.net\/wp-content\/uploads\/2022\/01\/VdL20220111_Verger_Quezac-Implantation_JBr_IMG_4580.jpg 1100w\" sizes=\"(max-width: 768px) 100vw, 768px\" \/>\t\t\t\t\t\t\t\t\t\t\t\t\t\t\t<\/div>\n\t\t\t\t<\/div>\n\t\t\t\t<div class=\"elementor-element elementor-element-b3075a6 elementor-widget elementor-widget-text-editor\" data-id=\"b3075a6\" data-element_type=\"widget\" data-widget_type=\"text-editor.default\">\n\t\t\t\t<div class=\"elementor-widget-container\">\n\t\t\t\t\t\t\t\t\t<p>C\u2019est un chantier bien entam\u00e9 en 2021, sous le regard int\u00e9ress\u00e9 de la population locale, qui va conna\u00eetre son apog\u00e9e dans les ann\u00e9es \u00e0 venir, car l\u2019association s\u2019est engag\u00e9e sur bien d\u2019autres t\u00e2ches qui feront l\u2019objet d\u2019articles compl\u00e9mentaires au fur et \u00e0 mesure de l\u2019avancement des travaux.<\/p>\t\t\t\t\t\t\t\t<\/div>\n\t\t\t\t<\/div>\n\t\t\t\t<section class=\"elementor-section elementor-inner-section elementor-element elementor-element-f280bca elementor-section-boxed elementor-section-height-default elementor-section-height-default\" data-id=\"f280bca\" data-element_type=\"section\">\n\t\t\t\t\t\t<div class=\"elementor-container elementor-column-gap-default\">\n\t\t\t\t\t<div class=\"elementor-column elementor-col-100 elementor-inner-column elementor-element elementor-element-8b98bcd\" data-id=\"8b98bcd\" data-element_type=\"column\">\n\t\t\t<div class=\"elementor-widget-wrap elementor-element-populated\">\n\t\t\t\t\t\t<div class=\"elementor-element elementor-element-560bcc5 elementor-widget elementor-widget-text-editor\" data-id=\"560bcc5\" data-element_type=\"widget\" data-widget_type=\"text-editor.default\">\n\t\t\t\t<div class=\"elementor-widget-container\">\n\t\t\t\t\t\t\t\t\t<p style=\"text-align: right;\">Jacky Brard, avec la complicit\u00e9 de Patrick et Sabine<\/p>\t\t\t\t\t\t\t\t<\/div>\n\t\t\t\t<\/div>\n\t\t\t\t\t<\/div>\n\t\t<\/div>\n\t\t\t\t\t<\/div>\n\t\t<\/section>\n\t\t\t\t\t<\/div>\n\t\t<\/div>\n\t\t\t\t\t<\/div>\n\t\t<\/section>\n\t\t\t\t<\/div>\n\t\t","protected":false},"excerpt":{"rendered":"<p>Malgr\u00e9 une population assez r\u00e9duite (environ 330 habitants), les \u00e9lus du village de Qu\u00e9zac n\u2019h\u00e9sitent pas \u00e0 se lancer dans un projet paysager de grande ampleur. La nouvelle commune \u00ab\u00a0Gorges du Tarn Causses\u00a0\u00bb, associant Sainte Enimie, Qu\u00e9zac et Montbrun, a en effet pour ambition de r\u00e9am\u00e9nager et de mettre en valeur les abords de l\u2019\u00e9glise [&hellip;]<\/p>\n","protected":false},"author":1,"featured_media":4538,"comment_status":"open","ping_status":"open","sticky":false,"template":"","format":"standard","meta":{"_acf_changed":false,"ocean_post_layout":"","ocean_both_sidebars_style":"","ocean_both_sidebars_content_width":0,"ocean_both_sidebars_sidebars_width":0,"ocean_sidebar":"0","ocean_second_sidebar":"0","ocean_disable_margins":"enable","ocean_add_body_class":"","ocean_shortcode_before_top_bar":"","ocean_shortcode_after_top_bar":"","ocean_shortcode_before_header":"","ocean_shortcode_after_header":"","ocean_has_shortcode":"","ocean_shortcode_after_title":"","ocean_shortcode_before_footer_widgets":"","ocean_shortcode_after_footer_widgets":"","ocean_shortcode_before_footer_bottom":"","ocean_shortcode_after_footer_bottom":"","ocean_display_top_bar":"default","ocean_display_header":"default","ocean_header_style":"","ocean_center_header_left_menu":"0","ocean_custom_header_template":"0","ocean_custom_logo":0,"ocean_custom_retina_logo":0,"ocean_custom_logo_max_width":0,"ocean_custom_logo_tablet_max_width":0,"ocean_custom_logo_mobile_max_width":0,"ocean_custom_logo_max_height":0,"ocean_custom_logo_tablet_max_height":0,"ocean_custom_logo_mobile_max_height":0,"ocean_header_custom_menu":"0","ocean_menu_typo_font_family":"0","ocean_menu_typo_font_subset":"","ocean_menu_typo_font_size":0,"ocean_menu_typo_font_size_tablet":0,"ocean_menu_typo_font_size_mobile":0,"ocean_menu_typo_font_size_unit":"px","ocean_menu_typo_font_weight":"","ocean_menu_typo_font_weight_tablet":"","ocean_menu_typo_font_weight_mobile":"","ocean_menu_typo_transform":"","ocean_menu_typo_transform_tablet":"","ocean_menu_typo_transform_mobile":"","ocean_menu_typo_line_height":0,"ocean_menu_typo_line_height_tablet":0,"ocean_menu_typo_line_height_mobile":0,"ocean_menu_typo_line_height_unit":"","ocean_menu_typo_spacing":0,"ocean_menu_typo_spacing_tablet":0,"ocean_menu_typo_spacing_mobile":0,"ocean_menu_typo_spacing_unit":"","ocean_menu_link_color":"","ocean_menu_link_color_hover":"","ocean_menu_link_color_active":"","ocean_menu_link_background":"","ocean_menu_link_hover_background":"","ocean_menu_link_active_background":"","ocean_menu_social_links_bg":"","ocean_menu_social_hover_links_bg":"","ocean_menu_social_links_color":"","ocean_menu_social_hover_links_color":"","ocean_disable_title":"default","ocean_disable_heading":"default","ocean_post_title":"","ocean_post_subheading":"","ocean_post_title_style":"","ocean_post_title_background_color":"","ocean_post_title_background":0,"ocean_post_title_bg_image_position":"","ocean_post_title_bg_image_attachment":"","ocean_post_title_bg_image_repeat":"","ocean_post_title_bg_image_size":"","ocean_post_title_height":0,"ocean_post_title_bg_overlay":0.5,"ocean_post_title_bg_overlay_color":"","ocean_disable_breadcrumbs":"default","ocean_breadcrumbs_color":"","ocean_breadcrumbs_separator_color":"","ocean_breadcrumbs_links_color":"","ocean_breadcrumbs_links_hover_color":"","ocean_display_footer_widgets":"default","ocean_display_footer_bottom":"default","ocean_custom_footer_template":"0","ocean_post_oembed":"","ocean_post_self_hosted_media":"","ocean_post_video_embed":"","ocean_link_format":"","ocean_link_format_target":"self","ocean_quote_format":"","ocean_quote_format_link":"post","ocean_gallery_link_images":"off","ocean_gallery_id":[],"footnotes":""},"categories":[16,37,35,17,47,49],"tags":[],"class_list":["post-4527","post","type-post","status-publish","format-standard","has-post-thumbnail","hentry","category-actions","category-arboriculture-faire","category-faire","category-formation","category-pnc","category-planter","entry","has-media"],"acf":[],"_links":{"self":[{"href":"https:\/\/vergersdelozere.net\/index.php\/wp-json\/wp\/v2\/posts\/4527"}],"collection":[{"href":"https:\/\/vergersdelozere.net\/index.php\/wp-json\/wp\/v2\/posts"}],"about":[{"href":"https:\/\/vergersdelozere.net\/index.php\/wp-json\/wp\/v2\/types\/post"}],"author":[{"embeddable":true,"href":"https:\/\/vergersdelozere.net\/index.php\/wp-json\/wp\/v2\/users\/1"}],"replies":[{"embeddable":true,"href":"https:\/\/vergersdelozere.net\/index.php\/wp-json\/wp\/v2\/comments?post=4527"}],"version-history":[{"count":38,"href":"https:\/\/vergersdelozere.net\/index.php\/wp-json\/wp\/v2\/posts\/4527\/revisions"}],"predecessor-version":[{"id":4578,"href":"https:\/\/vergersdelozere.net\/index.php\/wp-json\/wp\/v2\/posts\/4527\/revisions\/4578"}],"wp:featuredmedia":[{"embeddable":true,"href":"https:\/\/vergersdelozere.net\/index.php\/wp-json\/wp\/v2\/media\/4538"}],"wp:attachment":[{"href":"https:\/\/vergersdelozere.net\/index.php\/wp-json\/wp\/v2\/media?parent=4527"}],"wp:term":[{"taxonomy":"category","embeddable":true,"href":"https:\/\/vergersdelozere.net\/index.php\/wp-json\/wp\/v2\/categories?post=4527"},{"taxonomy":"post_tag","embeddable":true,"href":"https:\/\/vergersdelozere.net\/index.php\/wp-json\/wp\/v2\/tags?post=4527"}],"curies":[{"name":"wp","href":"https:\/\/api.w.org\/{rel}","templated":true}]}}